{"id":702,"date":"2017-02-14T19:33:46","date_gmt":"2017-02-14T19:33:46","guid":{"rendered":"http:\/\/www.mediadom-piran.si\/?p=702"},"modified":"2017-02-20T12:39:17","modified_gmt":"2017-02-20T12:39:17","slug":"zenska-v-ospredju-donna-in-primo-piano","status":"publish","type":"post","link":"https:\/\/www.mediadom-piran.si\/it\/zenska-v-ospredju-donna-in-primo-piano\/","title":{"rendered":"Donna in primo piano (\u017denska v ospredju)"},"content":{"rendered":"<p><strong>Donna in primo piano<\/strong><\/p>\n<p><strong><span style=\"color: #0000ff;\">10 marzo, 2017 alle 19.00,\u00a0Mediadom Pyrhani, via Kumar\u00a03, Piran0<\/span><\/strong><\/p>\n<p><strong><img loading=\"lazy\" decoding=\"async\" class=\"alignnone size-full wp-image-767\" src=\"http:\/\/www.mediadom-piran.si\/wp-content\/uploads\/2017\/02\/letakFB.jpg\" alt=\"\" width=\"842\" height=\"596\" srcset=\"https:\/\/www.mediadom-piran.si\/wp-content\/uploads\/2017\/02\/letakFB.jpg 842w, https:\/\/www.mediadom-piran.si\/wp-content\/uploads\/2017\/02\/letakFB-300x212.jpg 300w\" sizes=\"auto, (max-width: 842px) 100vw, 842px\" \/><\/strong><\/p>\n<p>La serata all&#8217;insegna delle donne avra` come ospiti Lorella e Isabella Flego che saranno accompagnate in una piacevole conversazione da Martina Gamboz.<br \/>\nL&#8217;inaugurazione della mostra fotografica di Polona Krevatin sara` arricchita dalla musica incantevole dell&#8217;arpista Tina Grzeti\u010d.<br \/>\nPer una serata perfetta manca solo la lettura della poesia e qualche bollicina frizzante dell&#8217; azienda vinicola P&amp;F Jeruzalem. Abbiamo pensato anche a questo. A cura di Sara Bi\u010di\u010d e Polona \u017digo. Organizza: Comunit\u00e0 degli Italiani Giuseppe Tartini in collaborazione con Mediadom Pyrhani.<\/p>\n<p>Siete caldamente invitate.<\/p>","protected":false},"excerpt":{"rendered":"<p>Donna in primo piano 10 marzo, 2017 alle 19.00,\u00a0Mediadom Pyrhani, via Kumar\u00a03, Piran0 La serata all&#8217;insegna delle <a class=\"moretag\" href=\"https:\/\/www.mediadom-piran.si\/it\/novice\">Ve\u010d ><\/a><\/p>\n","protected":false},"author":4,"featured_media":703,"comment_status":"open","ping_status":"open","sticky":false,"template":"","format":"standard","meta":{"_acf_changed":false,"footnotes":""},"categories":[32],"tags":[36,158,161,162,163,5,3,4,159,165,164,74,160,166,157],"class_list":["post-702","post","type-post","status-publish","format-standard","has-post-thumbnail","hentry","category-events","tag-comunita-degli-italiani-giuseppe-tartini","tag-donna-in-primo-piano","tag-isabella-flego","tag-lorella-flego","tag-martina-gamboz","tag-mediadom","tag-mediadom-pyrhani","tag-piran","tag-polona-krevatin","tag-polona-zigo","tag-sara-bicic","tag-skupnost-italijanov-piran","tag-tina-grzetic","tag-zdruzenje-skupnost-italijanov","tag-zenska-v-ospredju"],"acf":[],"_links":{"self":[{"href":"https:\/\/www.mediadom-piran.si\/it\/wp-json\/wp\/v2\/posts\/702","targetHints":{"allow":["GET"]}}],"collection":[{"href":"https:\/\/www.mediadom-piran.si\/it\/wp-json\/wp\/v2\/posts"}],"about":[{"href":"https:\/\/www.mediadom-piran.si\/it\/wp-json\/wp\/v2\/types\/post"}],"author":[{"embeddable":true,"href":"https:\/\/www.mediadom-piran.si\/it\/wp-json\/wp\/v2\/users\/4"}],"replies":[{"embeddable":true,"href":"https:\/\/www.mediadom-piran.si\/it\/wp-json\/wp\/v2\/comments?post=702"}],"version-history":[{"count":3,"href":"https:\/\/www.mediadom-piran.si\/it\/wp-json\/wp\/v2\/posts\/702\/revisions"}],"predecessor-version":[{"id":768,"href":"https:\/\/www.mediadom-piran.si\/it\/wp-json\/wp\/v2\/posts\/702\/revisions\/768"}],"wp:featuredmedia":[{"embeddable":true,"href":"https:\/\/www.mediadom-piran.si\/it\/wp-json\/wp\/v2\/media\/703"}],"wp:attachment":[{"href":"https:\/\/www.mediadom-piran.si\/it\/wp-json\/wp\/v2\/media?parent=702"}],"wp:term":[{"taxonomy":"category","embeddable":true,"href":"https:\/\/www.mediadom-piran.si\/it\/wp-json\/wp\/v2\/categories?post=702"},{"taxonomy":"post_tag","embeddable":true,"href":"https:\/\/www.mediadom-piran.si\/it\/wp-json\/wp\/v2\/tags?post=702"}],"curies":[{"name":"wp","href":"https:\/\/api.w.org\/{rel}","templated":true}]}}