{"id":6366,"date":"2026-04-22T14:09:30","date_gmt":"2026-04-22T14:09:30","guid":{"rendered":"https:\/\/www.mediadom-piran.si\/?p=6366"},"modified":"2026-04-22T14:18:12","modified_gmt":"2026-04-22T14:18:12","slug":"22-solinarski-praznik-ob-prazniku-sv-jurija-2026-strokovna-predavanja","status":"publish","type":"post","link":"https:\/\/www.mediadom-piran.si\/it\/22-solinarski-praznik-ob-prazniku-sv-jurija-2026-strokovna-predavanja\/","title":{"rendered":"22. FESTA DEI SALINAI IN OCCASIONE DELLA FESTA DI SAN GIORGIO 2026 &#8211; Relazioni di esperti"},"content":{"rendered":"<p><\/span><\/span><\/span><\/li>\n<\/ul>\n<p>&nbsp;<\/p>\n<p><b class=\"stop-animations\"><span class=\"stop-animations\" lang=\"IT\"><span role=\"none\" data-id=\"8172416804666169080\" data-is-visible=\"false\" data-ved=\"0CCQQy_oBahcKEwioxJyK2duTAxUAAAAAHQAAAAAQJg\"><span class=\"A5yTVb \"><\/span><\/span>Mediadom Pyrhani, Pirano, <\/span><\/b><span class=\"stop-animations\" lang=\"IT\">14.00 \u2013 17.00, ingresso libero <\/span><\/p>\n<p><span class=\"stop-animations\" lang=\"IT\">La nostra ricca storia \u00e8 racchiusa in testi concisi, animazioni di grande qualit\u00e0 e un film in 3D che ripercorre le tappe pi\u00f9 importanti del periodo di splendore di Pirano.<\/span><\/p>\n<p><span class=\"stop-animations\" lang=\"IT\"><br class=\"stop-animations\" \/><\/span><span class=\"stop-animations\" lang=\"IT\"><strong>Relazioni di esperti \u2014 Lo studio, la conservazione e la valorizzazione del mestiere dei salinai:<\/strong><\/span><\/p>\n<ul>\n<li><span class=\"stop-animations\">11.30 conferenza della dott.ssa Maja Bjelica (Centro di ricerche scientifiche di Capodistria): Esperienze e promozione del mestiere dei salinai in Croazia, Italia e Francia,<\/span><\/li>\n<li><span class=\"stop-animations\" lang=\"IT\">12.00 conferenza della dott.ssa Neli Glava\u0161 (SOLINE Pridelava soli d.o.o.): La petola, specificit\u00e0 e massimo pregio delle saline di Pirano,<\/span><\/li>\n<li><span class=\"stop-animations\" lang=\"IT\">12.30 proiezione del film realizzato per il 30\u00b0 anniversario del Museo delle saline, a cura di Veronika Bjelica (Museo del mare \u00abSergej Ma\u0161era\u00bb Pirano) e Matja\u017e Kljun (Istituto per la tutela del patrimonio culturale della Slovenia),<\/span><\/li>\n<li><span class=\"stop-animations\" lang=\"IT\">13.15 Dibattito<span role=\"none\" data-id=\"8172416804666169080\" data-is-visible=\"false\" data-ved=\"0CCQQy_oBahcKEwioxJyK2duTAxUAAAAAHQAAAAAQJg\"><span class=\"A5yTVb \"> <\/span><\/span><\/span><\/li>\n<\/ul>\n<p><\/span><\/span><\/span><\/li>\n<\/ul>\n<p>&nbsp;<\/p>\n<p><b class=\"stop-animations\"><span class=\"stop-animations\" lang=\"IT\"><span role=\"none\" data-id=\"8172416804666169080\" data-is-visible=\"false\" data-ved=\"0CCQQy_oBahcKEwioxJyK2duTAxUAAAAAHQAAAAAQJg\"><span class=\"A5yTVb \"><\/span><\/span>Mediadom Pyrhani, Pirano, <\/span><\/b><span class=\"stop-animations\" lang=\"IT\">14.00 \u2013 17.00, ingresso libero <\/span><\/p>\n<p><span class=\"stop-animations\" lang=\"IT\">La nostra ricca storia \u00e8 racchiusa in testi concisi, animazioni di grande qualit\u00e0 e un film in 3D che ripercorre le tappe pi\u00f9 importanti del periodo di splendore di Pirano.<\/span><\/p>\n<p><span class=\"stop-animations\" lang=\"IT\"><br class=\"stop-animations\" \/><\/span><span class=\"stop-animations\" lang=\"IT\"><strong>Relazioni di esperti \u2014 Lo studio, la conservazione e la valorizzazione del mestiere dei salinai:<\/strong><\/span><\/p>\n<ul>\n<li><span class=\"stop-animations\">11.30 conferenza della dott.ssa Maja Bjelica (Centro di ricerche scientifiche di Capodistria): Esperienze e promozione del mestiere dei salinai in Croazia, Italia e Francia,<\/span><\/li>\n<li><span class=\"stop-animations\" lang=\"IT\">12.00 conferenza della dott.ssa Neli Glava\u0161 (SOLINE Pridelava soli d.o.o.): La petola, specificit\u00e0 e massimo pregio delle saline di Pirano,<\/span><\/li>\n<li><span class=\"stop-animations\" lang=\"IT\">12.30 proiezione del film realizzato per il 30\u00b0 anniversario del Museo delle saline, a cura di Veronika Bjelica (Museo del mare \u00abSergej Ma\u0161era\u00bb Pirano) e Matja\u017e Kljun (Istituto per la tutela del patrimonio culturale della Slovenia),<\/span><\/li>\n<li><span class=\"stop-animations\" lang=\"IT\">13.15 Dibattito<span role=\"none\" data-id=\"8172416804666169080\" data-is-visible=\"false\" data-ved=\"0CCQQy_oBahcKEwioxJyK2duTAxUAAAAAHQAAAAAQJg\"><span class=\"A5yTVb \"> <\/span><\/span><\/span><\/li>\n<\/ul>\n<p><\/p>","protected":false},"excerpt":{"rendered":"<p>&nbsp; Mediadom Pyrhani, Pirano, 14.00 \u2013 17.00, ingresso libero La nostra ricca storia \u00e8 racchiusa in testi <a class=\"moretag\" href=\"https:\/\/www.mediadom-piran.si\/it\/novice\">Ve\u010d ><\/a><\/p>\n","protected":false},"author":4,"featured_media":6367,"comment_status":"open","ping_status":"open","sticky":false,"template":"","format":"standard","meta":{"_acf_changed":false,"footnotes":""},"categories":[32],"tags":[1191,1196,1192,1195,202,1193,1190,1197,1194],"class_list":["post-6366","post","type-post","status-publish","format-standard","has-post-thumbnail","hentry","category-events","tag-maje-bjelica","tag-matjaz-kljun","tag-neli-glavas","tag-pomorski-muzej-sergej-masera-piran","tag-solinarski-praznik","tag-soline-pridelava-soli-d-o-o","tag-veronika-bjelica","tag-zavod-za-varstvo-kulturne-dediscine-rs","tag-zrs-koper"],"acf":[],"_links":{"self":[{"href":"https:\/\/www.mediadom-piran.si\/it\/wp-json\/wp\/v2\/posts\/6366","targetHints":{"allow":["GET"]}}],"collection":[{"href":"https:\/\/www.mediadom-piran.si\/it\/wp-json\/wp\/v2\/posts"}],"about":[{"href":"https:\/\/www.mediadom-piran.si\/it\/wp-json\/wp\/v2\/types\/post"}],"author":[{"embeddable":true,"href":"https:\/\/www.mediadom-piran.si\/it\/wp-json\/wp\/v2\/users\/4"}],"replies":[{"embeddable":true,"href":"https:\/\/www.mediadom-piran.si\/it\/wp-json\/wp\/v2\/comments?post=6366"}],"version-history":[{"count":2,"href":"https:\/\/www.mediadom-piran.si\/it\/wp-json\/wp\/v2\/posts\/6366\/revisions"}],"predecessor-version":[{"id":6369,"href":"https:\/\/www.mediadom-piran.si\/it\/wp-json\/wp\/v2\/posts\/6366\/revisions\/6369"}],"wp:featuredmedia":[{"embeddable":true,"href":"https:\/\/www.mediadom-piran.si\/it\/wp-json\/wp\/v2\/media\/6367"}],"wp:attachment":[{"href":"https:\/\/www.mediadom-piran.si\/it\/wp-json\/wp\/v2\/media?parent=6366"}],"wp:term":[{"taxonomy":"category","embeddable":true,"href":"https:\/\/www.mediadom-piran.si\/it\/wp-json\/wp\/v2\/categories?post=6366"},{"taxonomy":"post_tag","embeddable":true,"href":"https:\/\/www.mediadom-piran.si\/it\/wp-json\/wp\/v2\/tags?post=6366"}],"curies":[{"name":"wp","href":"https:\/\/api.w.org\/{rel}","templated":true}]}}