{"id":529,"date":"2016-11-21T09:00:17","date_gmt":"2016-11-21T09:00:17","guid":{"rendered":"http:\/\/mediadom-piran.si\/?p=529"},"modified":"2017-01-16T13:28:04","modified_gmt":"2017-01-16T13:28:04","slug":"gledalisca-predstava-videl-sem-celo-ameriko-a-nikoli-nisem-bil-v-trzicu","status":"publish","type":"post","link":"https:\/\/www.mediadom-piran.si\/it\/gledalisca-predstava-videl-sem-celo-ameriko-a-nikoli-nisem-bil-v-trzicu\/","title":{"rendered":"Spettacolo teatrale di Ruggero Paghi: &#8220;Go visto anche l\u2019America ma no jero mai a Monfalcon!&#8221;"},"content":{"rendered":"<p><\/p>\n<p style=\"text-align: justify;\"><strong>GO VISTO ANCHE L\u2019AMERICA MA NO JERO MAI A MONFALCON! \/ VIDEL SEM CELO AMERIKO, A NIKOLI NISEM BIL V TR\u017dI\u010cU!<\/strong><\/p>\n<p style=\"text-align: justify;\">Rappresentazione teatrale del gruppo filodrammatico della Comunit\u00e0 degli italiani di Pirano guidato da Ruggero Paghi.<\/p>\n<p style=\"text-align: justify;\"><strong>Lunedi 5. dicembre<\/strong>, alle <strong>19.00<\/strong> presso il Mediadom Pyrhani, Pirano. Ingresso libero.<\/p>\n<p style=\"text-align: justify;\"><em>Personaggi interpreti:<\/em><\/p>\n<ul style=\"text-align: justify;\">\n<li>Il soldato &#8211; Noel CELAR<\/li>\n<li>Il medico &#8211; Marino MAUREL<\/li>\n<li>L\u2019infermiera &#8211; Alenka MERKANDEL<\/li>\n<li>La moglie del soldato &#8211; Minia STULE<\/li>\n<li>Il dott. Simmel &#8211; Ruggero PAGHI<\/li>\n<li>Una voce &#8211; Piero ROTTER<\/li>\n<\/ul>\n<p style=\"text-align: justify;\">Tecnico di scena: Franco BERNE, Regia: Ruggero PAGHI, musiche violine: Rok KLEVA IVAN\u010cI\u010c, Tastiere e arrangiamenti: Sa\u0161o FAJON.<\/p>\n<p style=\"text-align: justify;\"><img loading=\"lazy\" decoding=\"async\" class=\"alignnone wp-image-530\" src=\"http:\/\/mediadom-piran.si\/wp-content\/uploads\/2016\/11\/Monfalcon.jpg\" alt=\"monfalcon\" width=\"566\" height=\"340\" srcset=\"https:\/\/www.mediadom-piran.si\/wp-content\/uploads\/2016\/11\/Monfalcon.jpg 1000w, https:\/\/www.mediadom-piran.si\/wp-content\/uploads\/2016\/11\/Monfalcon-300x180.jpg 300w\" sizes=\"auto, (max-width: 566px) 100vw, 566px\" \/><\/p>\n<p style=\"text-align: justify;\"><em>Lo spettacolo verr\u00e0 presentato sabato 10 dicembre alle ore 20.30 al teatro Miela di Trieste, nell\u2019ambito del 24\u00b0 edizione del \u201c Festival Internazionale AVE NINCHI Teatro nei dialetti del Triveneto e dell\u2019Istria. La manifestazione \u00e8 organizzata dall\u2019Armonia Associazione tra le compagnie teatrali triestine .<\/em><\/p>\n<p><\/p>","protected":false},"excerpt":{"rendered":"<p>GO VISTO ANCHE L\u2019AMERICA MA NO JERO MAI A MONFALCON! \/ VIDEL SEM CELO AMERIKO, A NIKOLI <a class=\"moretag\" href=\"https:\/\/www.mediadom-piran.si\/it\/novice\">Ve\u010d ><\/a><\/p>\n","protected":false},"author":4,"featured_media":0,"comment_status":"open","ping_status":"open","sticky":false,"template":"","format":"standard","meta":{"_acf_changed":false,"footnotes":""},"categories":[32,31],"tags":[82,90,75,36,87,92,78,93,94,80,5,3,83,79,81,4,76,85,84,86,74,91,89,88,77],"class_list":["post-529","post","type-post","status-publish","format-standard","hentry","category-events","category-news","tag-alenka-merkandel","tag-ave-ninchi","tag-comunita-degli-italiani","tag-comunita-degli-italiani-giuseppe-tartini","tag-franco-berne","tag-gledalisce-miela","tag-go-visto-anche-lamerica-ma-no-jero-mai-a-monfalcon","tag-istra","tag-istria","tag-marino-maurel","tag-mediadom","tag-mediadom-pyrhani","tag-minia-stule","tag-noel-celar","tag-piero-rotter","tag-piran","tag-pirano","tag-rok-kleva-ivancic","tag-ruggero-paghi","tag-saso-fajon","tag-skupnost-italijanov-piran","tag-teatro-miela","tag-trieste","tag-trst","tag-videl-sem-celo-ameriko-a-nikoli-nisem-bil-v-trzicu"],"acf":[],"_links":{"self":[{"href":"https:\/\/www.mediadom-piran.si\/it\/wp-json\/wp\/v2\/posts\/529","targetHints":{"allow":["GET"]}}],"collection":[{"href":"https:\/\/www.mediadom-piran.si\/it\/wp-json\/wp\/v2\/posts"}],"about":[{"href":"https:\/\/www.mediadom-piran.si\/it\/wp-json\/wp\/v2\/types\/post"}],"author":[{"embeddable":true,"href":"https:\/\/www.mediadom-piran.si\/it\/wp-json\/wp\/v2\/users\/4"}],"replies":[{"embeddable":true,"href":"https:\/\/www.mediadom-piran.si\/it\/wp-json\/wp\/v2\/comments?post=529"}],"version-history":[{"count":3,"href":"https:\/\/www.mediadom-piran.si\/it\/wp-json\/wp\/v2\/posts\/529\/revisions"}],"predecessor-version":[{"id":629,"href":"https:\/\/www.mediadom-piran.si\/it\/wp-json\/wp\/v2\/posts\/529\/revisions\/629"}],"wp:attachment":[{"href":"https:\/\/www.mediadom-piran.si\/it\/wp-json\/wp\/v2\/media?parent=529"}],"wp:term":[{"taxonomy":"category","embeddable":true,"href":"https:\/\/www.mediadom-piran.si\/it\/wp-json\/wp\/v2\/categories?post=529"},{"taxonomy":"post_tag","embeddable":true,"href":"https:\/\/www.mediadom-piran.si\/it\/wp-json\/wp\/v2\/tags?post=529"}],"curies":[{"name":"wp","href":"https:\/\/api.w.org\/{rel}","templated":true}]}}