{"id":2122,"date":"2018-06-26T09:00:18","date_gmt":"2018-06-26T09:00:18","guid":{"rendered":"http:\/\/www.mediadom-piran.si\/?p=2122"},"modified":"2018-06-28T00:42:19","modified_gmt":"2018-06-28T00:42:19","slug":"foto-mladi-val-festival-22-6-2018-park-sonce-lucija","status":"publish","type":"post","link":"https:\/\/www.mediadom-piran.si\/it\/foto-mladi-val-festival-22-6-2018-park-sonce-lucija\/","title":{"rendered":"FOTO: Mladi Val Festival 22.6.2018, Park Sonce Lucija"},"content":{"rendered":"<p>\n\t\t<style type=\"text\/css\">\n\t\t\t#gallery-2 {\n\t\t\t\tmargin: auto;\n\t\t\t}\n\t\t\t#gallery-2 .gallery-item {\n\t\t\t\tfloat: left;\n\t\t\t\tmargin-top: 10px;\n\t\t\t\ttext-align: center;\n\t\t\t\twidth: 12%;\n\t\t\t}\n\t\t\t#gallery-2 img {\n\t\t\t\tborder: 2px solid #cfcfcf;\n\t\t\t}\n\t\t\t#gallery-2 .gallery-caption {\n\t\t\t\tmargin-left: 0;\n\t\t\t}\n\t\t\t\/* see gallery_shortcode() in wp-includes\/media.php *\/\n\t\t<\/style>\n\t\t<div id='gallery-2' class='gallery galleryid-2122 gallery-columns-8 gallery-size-thumbnail'><dl class='gallery-item'>\n\t\t\t<dt class='gallery-icon landscape'>\n\t\t\t\t<a href='https:\/\/www.mediadom-piran.si\/wp-content\/uploads\/2018\/06\/Mladi-Val-Festiva-22-6-2018-park-sonce-lucija-foto-jadran-rusjan-01-1280-x-853.jpg'><img loading=\"lazy\" decoding=\"async\" width=\"250\" height=\"250\" src=\"https:\/\/www.mediadom-piran.si\/wp-content\/uploads\/2018\/06\/Mladi-Val-Festiva-22-6-2018-park-sonce-lucija-foto-jadran-rusjan-01-1280-x-853-250x250.jpg\" class=\"attachment-thumbnail size-thumbnail\" alt=\"\" aria-describedby=\"gallery-2-2123\" \/><\/a>\n\t\t\t<\/dt>\n\t\t\t\t<dd class='wp-caption-text gallery-caption' id='gallery-2-2123'>\n\t\t\t\tfoto: J.Rusjan\n\t\t\t\t<\/dd><\/dl><dl class='gallery-item'>\n\t\t\t<dt class='gallery-icon landscape'>\n\t\t\t\t<a href='https:\/\/www.mediadom-piran.si\/wp-content\/uploads\/2018\/06\/Mladi-Val-Festiva-22-6-2018-park-sonce-lucija-foto-jadran-rusjan-02-1280-x-853.jpg'><img loading=\"lazy\" decoding=\"async\" width=\"250\" height=\"250\" src=\"https:\/\/www.mediadom-piran.si\/wp-content\/uploads\/2018\/06\/Mladi-Val-Festiva-22-6-2018-park-sonce-lucija-foto-jadran-rusjan-02-1280-x-853-250x250.jpg\" class=\"attachment-thumbnail size-thumbnail\" alt=\"\" aria-describedby=\"gallery-2-2124\" \/><\/a>\n\t\t\t<\/dt>\n\t\t\t\t<dd class='wp-caption-text gallery-caption' id='gallery-2-2124'>\n\t\t\t\tfoto: J.Rusjan\n\t\t\t\t<\/dd><\/dl><dl class='gallery-item'>\n\t\t\t<dt class='gallery-icon landscape'>\n\t\t\t\t<a href='https:\/\/www.mediadom-piran.si\/wp-content\/uploads\/2018\/06\/Mladi-Val-Festiva-22-6-2018-park-sonce-lucija-foto-jadran-rusjan-03-1280-x-853.jpg'><img loading=\"lazy\" decoding=\"async\" width=\"250\" height=\"250\" src=\"https:\/\/www.mediadom-piran.si\/wp-content\/uploads\/2018\/06\/Mladi-Val-Festiva-22-6-2018-park-sonce-lucija-foto-jadran-rusjan-03-1280-x-853-250x250.jpg\" class=\"attachment-thumbnail size-thumbnail\" alt=\"\" aria-describedby=\"gallery-2-2125\" \/><\/a>\n\t\t\t<\/dt>\n\t\t\t\t<dd class='wp-caption-text gallery-caption' id='gallery-2-2125'>\n\t\t\t\tfoto: J.Rusjan\n\t\t\t\t<\/dd><\/dl><dl class='gallery-item'>\n\t\t\t<dt class='gallery-icon portrait'>\n\t\t\t\t<a href='https:\/\/www.mediadom-piran.si\/wp-content\/uploads\/2018\/06\/Mladi-Val-Festiva-22-6-2018-park-sonce-lucija-foto-jadran-rusjan-04-853-x-1280.jpg'><img loading=\"lazy\" decoding=\"async\" width=\"250\" height=\"250\" src=\"https:\/\/www.mediadom-piran.si\/wp-content\/uploads\/2018\/06\/Mladi-Val-Festiva-22-6-2018-park-sonce-lucija-foto-jadran-rusjan-04-853-x-1280-250x250.jpg\" class=\"attachment-thumbnail size-thumbnail\" alt=\"\" aria-describedby=\"gallery-2-2126\" \/><\/a>\n\t\t\t<\/dt>\n\t\t\t\t<dd class='wp-caption-text gallery-caption' id='gallery-2-2126'>\n\t\t\t\tfoto: J.Rusjan\n\t\t\t\t<\/dd><\/dl><dl class='gallery-item'>\n\t\t\t<dt class='gallery-icon landscape'>\n\t\t\t\t<a href='https:\/\/www.mediadom-piran.si\/wp-content\/uploads\/2018\/06\/Mladi-Val-Festiva-22-6-2018-park-sonce-lucija-foto-jadran-rusjan-05-1280-x-853.jpg'><img loading=\"lazy\" decoding=\"async\" width=\"250\" height=\"250\" src=\"https:\/\/www.mediadom-piran.si\/wp-content\/uploads\/2018\/06\/Mladi-Val-Festiva-22-6-2018-park-sonce-lucija-foto-jadran-rusjan-05-1280-x-853-250x250.jpg\" class=\"attachment-thumbnail size-thumbnail\" alt=\"\" aria-describedby=\"gallery-2-2127\" \/><\/a>\n\t\t\t<\/dt>\n\t\t\t\t<dd class='wp-caption-text gallery-caption' id='gallery-2-2127'>\n\t\t\t\tfoto: J.Rusjan\n\t\t\t\t<\/dd><\/dl><dl class='gallery-item'>\n\t\t\t<dt class='gallery-icon portrait'>\n\t\t\t\t<a href='https:\/\/www.mediadom-piran.si\/wp-content\/uploads\/2018\/06\/Mladi-Val-Festiva-22-6-2018-park-sonce-lucija-foto-jadran-rusjan-06-853-x-1280.jpg'><img loading=\"lazy\" decoding=\"async\" width=\"250\" height=\"250\" src=\"https:\/\/www.mediadom-piran.si\/wp-content\/uploads\/2018\/06\/Mladi-Val-Festiva-22-6-2018-park-sonce-lucija-foto-jadran-rusjan-06-853-x-1280-250x250.jpg\" class=\"attachment-thumbnail size-thumbnail\" alt=\"\" aria-describedby=\"gallery-2-2128\" \/><\/a>\n\t\t\t<\/dt>\n\t\t\t\t<dd class='wp-caption-text gallery-caption' id='gallery-2-2128'>\n\t\t\t\tfoto: J.Rusjan\n\t\t\t\t<\/dd><\/dl><dl class='gallery-item'>\n\t\t\t<dt class='gallery-icon landscape'>\n\t\t\t\t<a href='https:\/\/www.mediadom-piran.si\/wp-content\/uploads\/2018\/06\/Mladi-Val-Festiva-22-6-2018-park-sonce-lucija-foto-jadran-rusjan-07-1280-x-853.jpg'><img loading=\"lazy\" decoding=\"async\" width=\"250\" height=\"250\" src=\"https:\/\/www.mediadom-piran.si\/wp-content\/uploads\/2018\/06\/Mladi-Val-Festiva-22-6-2018-park-sonce-lucija-foto-jadran-rusjan-07-1280-x-853-250x250.jpg\" class=\"attachment-thumbnail size-thumbnail\" alt=\"\" aria-describedby=\"gallery-2-2129\" \/><\/a>\n\t\t\t<\/dt>\n\t\t\t\t<dd class='wp-caption-text gallery-caption' id='gallery-2-2129'>\n\t\t\t\tfoto: J.Rusjan\n\t\t\t\t<\/dd><\/dl><dl class='gallery-item'>\n\t\t\t<dt class='gallery-icon landscape'>\n\t\t\t\t<a href='https:\/\/www.mediadom-piran.si\/wp-content\/uploads\/2018\/06\/Mladi-Val-Festiva-22-6-2018-park-sonce-lucija-foto-jadran-rusjan-08-1280-x-853.jpg'><img loading=\"lazy\" decoding=\"async\" width=\"250\" height=\"250\" src=\"https:\/\/www.mediadom-piran.si\/wp-content\/uploads\/2018\/06\/Mladi-Val-Festiva-22-6-2018-park-sonce-lucija-foto-jadran-rusjan-08-1280-x-853-250x250.jpg\" class=\"attachment-thumbnail size-thumbnail\" alt=\"\" aria-describedby=\"gallery-2-2130\" \/><\/a>\n\t\t\t<\/dt>\n\t\t\t\t<dd class='wp-caption-text gallery-caption' id='gallery-2-2130'>\n\t\t\t\tfoto: J.Rusjan\n\t\t\t\t<\/dd><\/dl><br style=\"clear: both\" \/><dl class='gallery-item'>\n\t\t\t<dt class='gallery-icon landscape'>\n\t\t\t\t<a href='https:\/\/www.mediadom-piran.si\/wp-content\/uploads\/2018\/06\/Mladi-Val-Festiva-22-6-2018-park-sonce-lucija-foto-jadran-rusjan-09-1280-x-853.jpg'><img loading=\"lazy\" decoding=\"async\" width=\"250\" height=\"250\" src=\"https:\/\/www.mediadom-piran.si\/wp-content\/uploads\/2018\/06\/Mladi-Val-Festiva-22-6-2018-park-sonce-lucija-foto-jadran-rusjan-09-1280-x-853-250x250.jpg\" class=\"attachment-thumbnail size-thumbnail\" alt=\"\" aria-describedby=\"gallery-2-2131\" \/><\/a>\n\t\t\t<\/dt>\n\t\t\t\t<dd class='wp-caption-text gallery-caption' id='gallery-2-2131'>\n\t\t\t\tfoto: J.Rusjan\n\t\t\t\t<\/dd><\/dl><dl class='gallery-item'>\n\t\t\t<dt class='gallery-icon landscape'>\n\t\t\t\t<a href='https:\/\/www.mediadom-piran.si\/wp-content\/uploads\/2018\/06\/Mladi-Val-Festiva-22-6-2018-park-sonce-lucija-foto-jadran-rusjan-10-1280-x-853.jpg'><img loading=\"lazy\" decoding=\"async\" width=\"250\" height=\"250\" src=\"https:\/\/www.mediadom-piran.si\/wp-content\/uploads\/2018\/06\/Mladi-Val-Festiva-22-6-2018-park-sonce-lucija-foto-jadran-rusjan-10-1280-x-853-250x250.jpg\" class=\"attachment-thumbnail size-thumbnail\" alt=\"\" aria-describedby=\"gallery-2-2132\" \/><\/a>\n\t\t\t<\/dt>\n\t\t\t\t<dd class='wp-caption-text gallery-caption' id='gallery-2-2132'>\n\t\t\t\tfoto: J.Rusjan\n\t\t\t\t<\/dd><\/dl><dl class='gallery-item'>\n\t\t\t<dt class='gallery-icon landscape'>\n\t\t\t\t<a href='https:\/\/www.mediadom-piran.si\/wp-content\/uploads\/2018\/06\/Mladi-Val-Festiva-22-6-2018-park-sonce-lucija-foto-jadran-rusjan-11-1280-x-853.jpg'><img loading=\"lazy\" decoding=\"async\" width=\"250\" height=\"250\" src=\"https:\/\/www.mediadom-piran.si\/wp-content\/uploads\/2018\/06\/Mladi-Val-Festiva-22-6-2018-park-sonce-lucija-foto-jadran-rusjan-11-1280-x-853-250x250.jpg\" class=\"attachment-thumbnail size-thumbnail\" alt=\"\" aria-describedby=\"gallery-2-2133\" \/><\/a>\n\t\t\t<\/dt>\n\t\t\t\t<dd class='wp-caption-text gallery-caption' id='gallery-2-2133'>\n\t\t\t\tfoto: J.Rusjan\n\t\t\t\t<\/dd><\/dl><dl class='gallery-item'>\n\t\t\t<dt class='gallery-icon landscape'>\n\t\t\t\t<a href='https:\/\/www.mediadom-piran.si\/wp-content\/uploads\/2018\/06\/Mladi-Val-Festiva-22-6-2018-park-sonce-lucija-foto-jadran-rusjan-12-1280-x-853.jpg'><img loading=\"lazy\" decoding=\"async\" width=\"250\" height=\"250\" src=\"https:\/\/www.mediadom-piran.si\/wp-content\/uploads\/2018\/06\/Mladi-Val-Festiva-22-6-2018-park-sonce-lucija-foto-jadran-rusjan-12-1280-x-853-250x250.jpg\" class=\"attachment-thumbnail size-thumbnail\" alt=\"\" aria-describedby=\"gallery-2-2134\" \/><\/a>\n\t\t\t<\/dt>\n\t\t\t\t<dd class='wp-caption-text gallery-caption' id='gallery-2-2134'>\n\t\t\t\tfoto: J.Rusjan\n\t\t\t\t<\/dd><\/dl><dl class='gallery-item'>\n\t\t\t<dt class='gallery-icon landscape'>\n\t\t\t\t<a href='https:\/\/www.mediadom-piran.si\/wp-content\/uploads\/2018\/06\/Mladi-Val-Festiva-22-6-2018-park-sonce-lucija-foto-jadran-rusjan-13-1280-x-853.jpg'><img loading=\"lazy\" decoding=\"async\" width=\"250\" height=\"250\" src=\"https:\/\/www.mediadom-piran.si\/wp-content\/uploads\/2018\/06\/Mladi-Val-Festiva-22-6-2018-park-sonce-lucija-foto-jadran-rusjan-13-1280-x-853-250x250.jpg\" class=\"attachment-thumbnail size-thumbnail\" alt=\"\" aria-describedby=\"gallery-2-2135\" \/><\/a>\n\t\t\t<\/dt>\n\t\t\t\t<dd class='wp-caption-text gallery-caption' id='gallery-2-2135'>\n\t\t\t\tfoto: J.Rusjan\n\t\t\t\t<\/dd><\/dl><dl class='gallery-item'>\n\t\t\t<dt class='gallery-icon portrait'>\n\t\t\t\t<a href='https:\/\/www.mediadom-piran.si\/wp-content\/uploads\/2018\/06\/Mladi-Val-Festiva-22-6-2018-park-sonce-lucija-foto-jadran-rusjan-14-853-x-1280.jpg'><img loading=\"lazy\" decoding=\"async\" width=\"250\" height=\"250\" src=\"https:\/\/www.mediadom-piran.si\/wp-content\/uploads\/2018\/06\/Mladi-Val-Festiva-22-6-2018-park-sonce-lucija-foto-jadran-rusjan-14-853-x-1280-250x250.jpg\" class=\"attachment-thumbnail size-thumbnail\" alt=\"\" aria-describedby=\"gallery-2-2136\" \/><\/a>\n\t\t\t<\/dt>\n\t\t\t\t<dd class='wp-caption-text gallery-caption' id='gallery-2-2136'>\n\t\t\t\tfoto: J.Rusjan\n\t\t\t\t<\/dd><\/dl><dl class='gallery-item'>\n\t\t\t<dt class='gallery-icon landscape'>\n\t\t\t\t<a href='https:\/\/www.mediadom-piran.si\/wp-content\/uploads\/2018\/06\/Mladi-Val-Festiva-22-6-2018-park-sonce-lucija-foto-jadran-rusjan-15-1280-x-853.jpg'><img loading=\"lazy\" decoding=\"async\" width=\"250\" height=\"250\" src=\"https:\/\/www.mediadom-piran.si\/wp-content\/uploads\/2018\/06\/Mladi-Val-Festiva-22-6-2018-park-sonce-lucija-foto-jadran-rusjan-15-1280-x-853-250x250.jpg\" class=\"attachment-thumbnail size-thumbnail\" alt=\"\" aria-describedby=\"gallery-2-2137\" \/><\/a>\n\t\t\t<\/dt>\n\t\t\t\t<dd class='wp-caption-text gallery-caption' id='gallery-2-2137'>\n\t\t\t\tfoto: J.Rusjan\n\t\t\t\t<\/dd><\/dl><dl class='gallery-item'>\n\t\t\t<dt class='gallery-icon landscape'>\n\t\t\t\t<a href='https:\/\/www.mediadom-piran.si\/wp-content\/uploads\/2018\/06\/Mladi-Val-Festiva-22-6-2018-park-sonce-lucija-foto-jadran-rusjan-16-1280-x-853.jpg'><img loading=\"lazy\" decoding=\"async\" width=\"250\" height=\"250\" src=\"https:\/\/www.mediadom-piran.si\/wp-content\/uploads\/2018\/06\/Mladi-Val-Festiva-22-6-2018-park-sonce-lucija-foto-jadran-rusjan-16-1280-x-853-250x250.jpg\" class=\"attachment-thumbnail size-thumbnail\" alt=\"\" aria-describedby=\"gallery-2-2138\" \/><\/a>\n\t\t\t<\/dt>\n\t\t\t\t<dd class='wp-caption-text gallery-caption' id='gallery-2-2138'>\n\t\t\t\tfoto: J.Rusjan\n\t\t\t\t<\/dd><\/dl><br style=\"clear: both\" \/><dl class='gallery-item'>\n\t\t\t<dt class='gallery-icon landscape'>\n\t\t\t\t<a href='https:\/\/www.mediadom-piran.si\/wp-content\/uploads\/2018\/06\/Mladi-Val-Festiva-22-6-2018-park-sonce-lucija-foto-jadran-rusjan-17-1280-x-853.jpg'><img loading=\"lazy\" decoding=\"async\" width=\"250\" height=\"250\" src=\"https:\/\/www.mediadom-piran.si\/wp-content\/uploads\/2018\/06\/Mladi-Val-Festiva-22-6-2018-park-sonce-lucija-foto-jadran-rusjan-17-1280-x-853-250x250.jpg\" class=\"attachment-thumbnail size-thumbnail\" alt=\"\" aria-describedby=\"gallery-2-2139\" \/><\/a>\n\t\t\t<\/dt>\n\t\t\t\t<dd class='wp-caption-text gallery-caption' id='gallery-2-2139'>\n\t\t\t\tfoto: J.Rusjan\n\t\t\t\t<\/dd><\/dl><dl class='gallery-item'>\n\t\t\t<dt class='gallery-icon landscape'>\n\t\t\t\t<a href='https:\/\/www.mediadom-piran.si\/wp-content\/uploads\/2018\/06\/Mladi-Val-Festiva-22-6-2018-park-sonce-lucija-foto-jadran-rusjan-18-1280-x-853.jpg'><img loading=\"lazy\" decoding=\"async\" width=\"250\" height=\"250\" src=\"https:\/\/www.mediadom-piran.si\/wp-content\/uploads\/2018\/06\/Mladi-Val-Festiva-22-6-2018-park-sonce-lucija-foto-jadran-rusjan-18-1280-x-853-250x250.jpg\" class=\"attachment-thumbnail size-thumbnail\" alt=\"\" aria-describedby=\"gallery-2-2140\" \/><\/a>\n\t\t\t<\/dt>\n\t\t\t\t<dd class='wp-caption-text gallery-caption' id='gallery-2-2140'>\n\t\t\t\tfoto: J.Rusjan\n\t\t\t\t<\/dd><\/dl><dl class='gallery-item'>\n\t\t\t<dt class='gallery-icon landscape'>\n\t\t\t\t<a href='https:\/\/www.mediadom-piran.si\/wp-content\/uploads\/2018\/06\/Mladi-Val-Festiva-22-6-2018-park-sonce-lucija-foto-jadran-rusjan-19-1280-x-853.jpg'><img loading=\"lazy\" decoding=\"async\" width=\"250\" height=\"250\" src=\"https:\/\/www.mediadom-piran.si\/wp-content\/uploads\/2018\/06\/Mladi-Val-Festiva-22-6-2018-park-sonce-lucija-foto-jadran-rusjan-19-1280-x-853-250x250.jpg\" class=\"attachment-thumbnail size-thumbnail\" alt=\"\" aria-describedby=\"gallery-2-2141\" \/><\/a>\n\t\t\t<\/dt>\n\t\t\t\t<dd class='wp-caption-text gallery-caption' id='gallery-2-2141'>\n\t\t\t\tfoto: J.Rusjan\n\t\t\t\t<\/dd><\/dl><dl class='gallery-item'>\n\t\t\t<dt class='gallery-icon landscape'>\n\t\t\t\t<a href='https:\/\/www.mediadom-piran.si\/wp-content\/uploads\/2018\/06\/Mladi-Val-Festiva-22-6-2018-park-sonce-lucija-foto-jadran-rusjan-20-1280-x-853.jpg'><img loading=\"lazy\" decoding=\"async\" width=\"250\" height=\"250\" src=\"https:\/\/www.mediadom-piran.si\/wp-content\/uploads\/2018\/06\/Mladi-Val-Festiva-22-6-2018-park-sonce-lucija-foto-jadran-rusjan-20-1280-x-853-250x250.jpg\" class=\"attachment-thumbnail size-thumbnail\" alt=\"\" aria-describedby=\"gallery-2-2142\" \/><\/a>\n\t\t\t<\/dt>\n\t\t\t\t<dd class='wp-caption-text gallery-caption' id='gallery-2-2142'>\n\t\t\t\tfoto: J.Rusjan\n\t\t\t\t<\/dd><\/dl><dl class='gallery-item'>\n\t\t\t<dt class='gallery-icon landscape'>\n\t\t\t\t<a href='https:\/\/www.mediadom-piran.si\/wp-content\/uploads\/2018\/06\/Mladi-Val-Festiva-22-6-2018-park-sonce-lucija-foto-jadran-rusjan-21-1280-x-853.jpg'><img loading=\"lazy\" decoding=\"async\" width=\"250\" height=\"250\" src=\"https:\/\/www.mediadom-piran.si\/wp-content\/uploads\/2018\/06\/Mladi-Val-Festiva-22-6-2018-park-sonce-lucija-foto-jadran-rusjan-21-1280-x-853-250x250.jpg\" class=\"attachment-thumbnail size-thumbnail\" alt=\"\" aria-describedby=\"gallery-2-2143\" \/><\/a>\n\t\t\t<\/dt>\n\t\t\t\t<dd class='wp-caption-text gallery-caption' id='gallery-2-2143'>\n\t\t\t\tfoto: J.Rusjan\n\t\t\t\t<\/dd><\/dl><dl class='gallery-item'>\n\t\t\t<dt class='gallery-icon landscape'>\n\t\t\t\t<a href='https:\/\/www.mediadom-piran.si\/wp-content\/uploads\/2018\/06\/Mladi-Val-Festiva-22-6-2018-park-sonce-lucija-foto-jadran-rusjan-22-1280-x-853.jpg'><img loading=\"lazy\" decoding=\"async\" width=\"250\" height=\"250\" src=\"https:\/\/www.mediadom-piran.si\/wp-content\/uploads\/2018\/06\/Mladi-Val-Festiva-22-6-2018-park-sonce-lucija-foto-jadran-rusjan-22-1280-x-853-250x250.jpg\" class=\"attachment-thumbnail size-thumbnail\" alt=\"\" aria-describedby=\"gallery-2-2144\" \/><\/a>\n\t\t\t<\/dt>\n\t\t\t\t<dd class='wp-caption-text gallery-caption' id='gallery-2-2144'>\n\t\t\t\tfoto: J.Rusjan\n\t\t\t\t<\/dd><\/dl><dl class='gallery-item'>\n\t\t\t<dt class='gallery-icon landscape'>\n\t\t\t\t<a href='https:\/\/www.mediadom-piran.si\/wp-content\/uploads\/2018\/06\/Mladi-Val-Festiva-22-6-2018-park-sonce-lucija-foto-jadran-rusjan-23-1280-x-853.jpg'><img loading=\"lazy\" decoding=\"async\" width=\"250\" height=\"250\" src=\"https:\/\/www.mediadom-piran.si\/wp-content\/uploads\/2018\/06\/Mladi-Val-Festiva-22-6-2018-park-sonce-lucija-foto-jadran-rusjan-23-1280-x-853-250x250.jpg\" class=\"attachment-thumbnail size-thumbnail\" alt=\"\" aria-describedby=\"gallery-2-2145\" \/><\/a>\n\t\t\t<\/dt>\n\t\t\t\t<dd class='wp-caption-text gallery-caption' id='gallery-2-2145'>\n\t\t\t\tfoto: J.Rusjan\n\t\t\t\t<\/dd><\/dl><dl class='gallery-item'>\n\t\t\t<dt class='gallery-icon landscape'>\n\t\t\t\t<a href='https:\/\/www.mediadom-piran.si\/wp-content\/uploads\/2018\/06\/Mladi-Val-Festiva-22-6-2018-park-sonce-lucija-foto-jadran-rusjan-25-1280-x-853.jpg'><img loading=\"lazy\" decoding=\"async\" width=\"250\" height=\"250\" src=\"https:\/\/www.mediadom-piran.si\/wp-content\/uploads\/2018\/06\/Mladi-Val-Festiva-22-6-2018-park-sonce-lucija-foto-jadran-rusjan-25-1280-x-853-250x250.jpg\" class=\"attachment-thumbnail size-thumbnail\" alt=\"\" aria-describedby=\"gallery-2-2147\" \/><\/a>\n\t\t\t<\/dt>\n\t\t\t\t<dd class='wp-caption-text gallery-caption' id='gallery-2-2147'>\n\t\t\t\tfoto: J.Rusjan\n\t\t\t\t<\/dd><\/dl><br style=\"clear: both\" \/><dl class='gallery-item'>\n\t\t\t<dt class='gallery-icon landscape'>\n\t\t\t\t<a href='https:\/\/www.mediadom-piran.si\/wp-content\/uploads\/2018\/06\/Mladi-Val-Festiva-22-6-2018-park-sonce-lucija-foto-jadran-rusjan-26-1280-x-853.jpg'><img loading=\"lazy\" decoding=\"async\" width=\"250\" height=\"250\" src=\"https:\/\/www.mediadom-piran.si\/wp-content\/uploads\/2018\/06\/Mladi-Val-Festiva-22-6-2018-park-sonce-lucija-foto-jadran-rusjan-26-1280-x-853-250x250.jpg\" class=\"attachment-thumbnail size-thumbnail\" alt=\"\" aria-describedby=\"gallery-2-2148\" \/><\/a>\n\t\t\t<\/dt>\n\t\t\t\t<dd class='wp-caption-text gallery-caption' id='gallery-2-2148'>\n\t\t\t\tfoto: J.Rusjan\n\t\t\t\t<\/dd><\/dl><dl class='gallery-item'>\n\t\t\t<dt class='gallery-icon landscape'>\n\t\t\t\t<a href='https:\/\/www.mediadom-piran.si\/wp-content\/uploads\/2018\/06\/Mladi-Val-Festiva-22-6-2018-park-sonce-lucija-foto-jadran-rusjan-27-1280-x-853.jpg'><img loading=\"lazy\" decoding=\"async\" width=\"250\" height=\"250\" src=\"https:\/\/www.mediadom-piran.si\/wp-content\/uploads\/2018\/06\/Mladi-Val-Festiva-22-6-2018-park-sonce-lucija-foto-jadran-rusjan-27-1280-x-853-250x250.jpg\" class=\"attachment-thumbnail size-thumbnail\" alt=\"\" aria-describedby=\"gallery-2-2149\" \/><\/a>\n\t\t\t<\/dt>\n\t\t\t\t<dd class='wp-caption-text gallery-caption' id='gallery-2-2149'>\n\t\t\t\tfoto: J.Rusjan\n\t\t\t\t<\/dd><\/dl><dl class='gallery-item'>\n\t\t\t<dt class='gallery-icon landscape'>\n\t\t\t\t<a href='https:\/\/www.mediadom-piran.si\/wp-content\/uploads\/2018\/06\/Mladi-Val-Festiva-22-6-2018-park-sonce-lucija-foto-jadran-rusjan-28-1280-x-853.jpg'><img loading=\"lazy\" decoding=\"async\" width=\"250\" height=\"250\" src=\"https:\/\/www.mediadom-piran.si\/wp-content\/uploads\/2018\/06\/Mladi-Val-Festiva-22-6-2018-park-sonce-lucija-foto-jadran-rusjan-28-1280-x-853-250x250.jpg\" class=\"attachment-thumbnail size-thumbnail\" alt=\"\" aria-describedby=\"gallery-2-2150\" \/><\/a>\n\t\t\t<\/dt>\n\t\t\t\t<dd class='wp-caption-text gallery-caption' id='gallery-2-2150'>\n\t\t\t\tfoto: J.Rusjan\n\t\t\t\t<\/dd><\/dl><dl class='gallery-item'>\n\t\t\t<dt class='gallery-icon landscape'>\n\t\t\t\t<a href='https:\/\/www.mediadom-piran.si\/wp-content\/uploads\/2018\/06\/Mladi-Val-Festiva-22-6-2018-park-sonce-lucija-foto-jadran-rusjan-29-1280-x-853.jpg'><img loading=\"lazy\" decoding=\"async\" width=\"250\" height=\"250\" src=\"https:\/\/www.mediadom-piran.si\/wp-content\/uploads\/2018\/06\/Mladi-Val-Festiva-22-6-2018-park-sonce-lucija-foto-jadran-rusjan-29-1280-x-853-250x250.jpg\" class=\"attachment-thumbnail size-thumbnail\" alt=\"\" aria-describedby=\"gallery-2-2151\" \/><\/a>\n\t\t\t<\/dt>\n\t\t\t\t<dd class='wp-caption-text gallery-caption' id='gallery-2-2151'>\n\t\t\t\tfoto: J.Rusjan\n\t\t\t\t<\/dd><\/dl><dl class='gallery-item'>\n\t\t\t<dt class='gallery-icon landscape'>\n\t\t\t\t<a href='https:\/\/www.mediadom-piran.si\/wp-content\/uploads\/2018\/06\/Mladi-Val-Festiva-22-6-2018-park-sonce-lucija-foto-jadran-rusjan-30-1280-x-853.jpg'><img loading=\"lazy\" decoding=\"async\" width=\"250\" height=\"250\" src=\"https:\/\/www.mediadom-piran.si\/wp-content\/uploads\/2018\/06\/Mladi-Val-Festiva-22-6-2018-park-sonce-lucija-foto-jadran-rusjan-30-1280-x-853-250x250.jpg\" class=\"attachment-thumbnail size-thumbnail\" alt=\"\" aria-describedby=\"gallery-2-2152\" \/><\/a>\n\t\t\t<\/dt>\n\t\t\t\t<dd class='wp-caption-text gallery-caption' id='gallery-2-2152'>\n\t\t\t\tfoto: J.Rusjan\n\t\t\t\t<\/dd><\/dl><dl class='gallery-item'>\n\t\t\t<dt class='gallery-icon landscape'>\n\t\t\t\t<a href='https:\/\/www.mediadom-piran.si\/wp-content\/uploads\/2018\/06\/Mladi-Val-Festiva-22-6-2018-park-sonce-lucija-foto-jadran-rusjan-31-1280-x-853.jpg'><img loading=\"lazy\" decoding=\"async\" width=\"250\" height=\"250\" src=\"https:\/\/www.mediadom-piran.si\/wp-content\/uploads\/2018\/06\/Mladi-Val-Festiva-22-6-2018-park-sonce-lucija-foto-jadran-rusjan-31-1280-x-853-250x250.jpg\" class=\"attachment-thumbnail size-thumbnail\" alt=\"\" aria-describedby=\"gallery-2-2153\" \/><\/a>\n\t\t\t<\/dt>\n\t\t\t\t<dd class='wp-caption-text gallery-caption' id='gallery-2-2153'>\n\t\t\t\tfoto: J.Rusjan\n\t\t\t\t<\/dd><\/dl><dl class='gallery-item'>\n\t\t\t<dt class='gallery-icon landscape'>\n\t\t\t\t<a href='https:\/\/www.mediadom-piran.si\/wp-content\/uploads\/2018\/06\/Mladi-Val-Festiva-22-6-2018-park-sonce-lucija-foto-jadran-rusjan-32-1280-x-853.jpg'><img loading=\"lazy\" decoding=\"async\" width=\"250\" height=\"250\" src=\"https:\/\/www.mediadom-piran.si\/wp-content\/uploads\/2018\/06\/Mladi-Val-Festiva-22-6-2018-park-sonce-lucija-foto-jadran-rusjan-32-1280-x-853-250x250.jpg\" class=\"attachment-thumbnail size-thumbnail\" alt=\"\" aria-describedby=\"gallery-2-2154\" \/><\/a>\n\t\t\t<\/dt>\n\t\t\t\t<dd class='wp-caption-text gallery-caption' id='gallery-2-2154'>\n\t\t\t\tfoto: J.Rusjan\n\t\t\t\t<\/dd><\/dl><dl class='gallery-item'>\n\t\t\t<dt class='gallery-icon portrait'>\n\t\t\t\t<a href='https:\/\/www.mediadom-piran.si\/wp-content\/uploads\/2018\/06\/Mladi-Val-Festiva-22-6-2018-park-sonce-lucija-foto-jadran-rusjan-33-853-x-1280.jpg'><img loading=\"lazy\" decoding=\"async\" width=\"250\" height=\"250\" src=\"https:\/\/www.mediadom-piran.si\/wp-content\/uploads\/2018\/06\/Mladi-Val-Festiva-22-6-2018-park-sonce-lucija-foto-jadran-rusjan-33-853-x-1280-250x250.jpg\" class=\"attachment-thumbnail size-thumbnail\" alt=\"\" aria-describedby=\"gallery-2-2155\" \/><\/a>\n\t\t\t<\/dt>\n\t\t\t\t<dd class='wp-caption-text gallery-caption' id='gallery-2-2155'>\n\t\t\t\tfoto: J.Rusjan\n\t\t\t\t<\/dd><\/dl><br style=\"clear: both\" \/><dl class='gallery-item'>\n\t\t\t<dt class='gallery-icon portrait'>\n\t\t\t\t<a href='https:\/\/www.mediadom-piran.si\/wp-content\/uploads\/2018\/06\/Mladi-Val-Festiva-22-6-2018-park-sonce-lucija-foto-jadran-rusjan-34-853-x-1280.jpg'><img loading=\"lazy\" decoding=\"async\" width=\"250\" height=\"250\" src=\"https:\/\/www.mediadom-piran.si\/wp-content\/uploads\/2018\/06\/Mladi-Val-Festiva-22-6-2018-park-sonce-lucija-foto-jadran-rusjan-34-853-x-1280-250x250.jpg\" class=\"attachment-thumbnail size-thumbnail\" alt=\"\" aria-describedby=\"gallery-2-2156\" \/><\/a>\n\t\t\t<\/dt>\n\t\t\t\t<dd class='wp-caption-text gallery-caption' id='gallery-2-2156'>\n\t\t\t\tfoto: J.Rusjan\n\t\t\t\t<\/dd><\/dl><dl class='gallery-item'>\n\t\t\t<dt class='gallery-icon portrait'>\n\t\t\t\t<a href='https:\/\/www.mediadom-piran.si\/wp-content\/uploads\/2018\/06\/Mladi-Val-Festiva-22-6-2018-park-sonce-lucija-foto-jadran-rusjan-35-853-x-1280.jpg'><img loading=\"lazy\" decoding=\"async\" width=\"250\" height=\"250\" src=\"https:\/\/www.mediadom-piran.si\/wp-content\/uploads\/2018\/06\/Mladi-Val-Festiva-22-6-2018-park-sonce-lucija-foto-jadran-rusjan-35-853-x-1280-250x250.jpg\" class=\"attachment-thumbnail size-thumbnail\" alt=\"\" aria-describedby=\"gallery-2-2157\" \/><\/a>\n\t\t\t<\/dt>\n\t\t\t\t<dd class='wp-caption-text gallery-caption' id='gallery-2-2157'>\n\t\t\t\tfoto: J.Rusjan\n\t\t\t\t<\/dd><\/dl><dl class='gallery-item'>\n\t\t\t<dt class='gallery-icon landscape'>\n\t\t\t\t<a href='https:\/\/www.mediadom-piran.si\/wp-content\/uploads\/2018\/06\/Mladi-Val-Festiva-22-6-2018-park-sonce-lucija-foto-jadran-rusjan-36-1280-x-853.jpg'><img loading=\"lazy\" decoding=\"async\" width=\"250\" height=\"250\" src=\"https:\/\/www.mediadom-piran.si\/wp-content\/uploads\/2018\/06\/Mladi-Val-Festiva-22-6-2018-park-sonce-lucija-foto-jadran-rusjan-36-1280-x-853-250x250.jpg\" class=\"attachment-thumbnail size-thumbnail\" alt=\"\" aria-describedby=\"gallery-2-2158\" \/><\/a>\n\t\t\t<\/dt>\n\t\t\t\t<dd class='wp-caption-text gallery-caption' id='gallery-2-2158'>\n\t\t\t\tfoto: J.Rusjan\n\t\t\t\t<\/dd><\/dl><dl class='gallery-item'>\n\t\t\t<dt class='gallery-icon portrait'>\n\t\t\t\t<a href='https:\/\/www.mediadom-piran.si\/wp-content\/uploads\/2018\/06\/Mladi-Val-Festiva-22-6-2018-park-sonce-lucija-foto-jadran-rusjan-37-854-x-1280.jpg'><img loading=\"lazy\" decoding=\"async\" width=\"250\" height=\"250\" src=\"https:\/\/www.mediadom-piran.si\/wp-content\/uploads\/2018\/06\/Mladi-Val-Festiva-22-6-2018-park-sonce-lucija-foto-jadran-rusjan-37-854-x-1280-250x250.jpg\" class=\"attachment-thumbnail size-thumbnail\" alt=\"\" aria-describedby=\"gallery-2-2159\" \/><\/a>\n\t\t\t<\/dt>\n\t\t\t\t<dd class='wp-caption-text gallery-caption' id='gallery-2-2159'>\n\t\t\t\tfoto: J.Rusjan\n\t\t\t\t<\/dd><\/dl><dl class='gallery-item'>\n\t\t\t<dt class='gallery-icon portrait'>\n\t\t\t\t<a href='https:\/\/www.mediadom-piran.si\/wp-content\/uploads\/2018\/06\/Mladi-Val-Festiva-22-6-2018-park-sonce-lucija-foto-jadran-rusjan-38-853-x-1280.jpg'><img loading=\"lazy\" decoding=\"async\" width=\"250\" height=\"250\" src=\"https:\/\/www.mediadom-piran.si\/wp-content\/uploads\/2018\/06\/Mladi-Val-Festiva-22-6-2018-park-sonce-lucija-foto-jadran-rusjan-38-853-x-1280-250x250.jpg\" class=\"attachment-thumbnail size-thumbnail\" alt=\"\" aria-describedby=\"gallery-2-2160\" \/><\/a>\n\t\t\t<\/dt>\n\t\t\t\t<dd class='wp-caption-text gallery-caption' id='gallery-2-2160'>\n\t\t\t\tfoto: J.Rusjan\n\t\t\t\t<\/dd><\/dl><dl class='gallery-item'>\n\t\t\t<dt class='gallery-icon portrait'>\n\t\t\t\t<a href='https:\/\/www.mediadom-piran.si\/wp-content\/uploads\/2018\/06\/Mladi-Val-Festiva-22-6-2018-park-sonce-lucija-foto-jadran-rusjan-39-853-x-1280.jpg'><img loading=\"lazy\" decoding=\"async\" width=\"250\" height=\"250\" src=\"https:\/\/www.mediadom-piran.si\/wp-content\/uploads\/2018\/06\/Mladi-Val-Festiva-22-6-2018-park-sonce-lucija-foto-jadran-rusjan-39-853-x-1280-250x250.jpg\" class=\"attachment-thumbnail size-thumbnail\" alt=\"\" aria-describedby=\"gallery-2-2161\" \/><\/a>\n\t\t\t<\/dt>\n\t\t\t\t<dd class='wp-caption-text gallery-caption' id='gallery-2-2161'>\n\t\t\t\tfoto: J.Rusjan\n\t\t\t\t<\/dd><\/dl><dl class='gallery-item'>\n\t\t\t<dt class='gallery-icon portrait'>\n\t\t\t\t<a href='https:\/\/www.mediadom-piran.si\/wp-content\/uploads\/2018\/06\/Mladi-Val-Festiva-22-6-2018-park-sonce-lucija-foto-jadran-rusjan-40-853-x-1280.jpg'><img loading=\"lazy\" decoding=\"async\" width=\"250\" height=\"250\" src=\"https:\/\/www.mediadom-piran.si\/wp-content\/uploads\/2018\/06\/Mladi-Val-Festiva-22-6-2018-park-sonce-lucija-foto-jadran-rusjan-40-853-x-1280-250x250.jpg\" class=\"attachment-thumbnail size-thumbnail\" alt=\"\" aria-describedby=\"gallery-2-2162\" \/><\/a>\n\t\t\t<\/dt>\n\t\t\t\t<dd class='wp-caption-text gallery-caption' id='gallery-2-2162'>\n\t\t\t\tfoto: J.Rusjan\n\t\t\t\t<\/dd><\/dl><dl class='gallery-item'>\n\t\t\t<dt class='gallery-icon portrait'>\n\t\t\t\t<a href='https:\/\/www.mediadom-piran.si\/wp-content\/uploads\/2018\/06\/Mladi-Val-Festiva-22-6-2018-park-sonce-lucija-foto-jadran-rusjan-41-853-x-1280.jpg'><img loading=\"lazy\" decoding=\"async\" width=\"250\" height=\"250\" src=\"https:\/\/www.mediadom-piran.si\/wp-content\/uploads\/2018\/06\/Mladi-Val-Festiva-22-6-2018-park-sonce-lucija-foto-jadran-rusjan-41-853-x-1280-250x250.jpg\" class=\"attachment-thumbnail size-thumbnail\" alt=\"\" aria-describedby=\"gallery-2-2163\" \/><\/a>\n\t\t\t<\/dt>\n\t\t\t\t<dd class='wp-caption-text gallery-caption' id='gallery-2-2163'>\n\t\t\t\tfoto: J.Rusjan\n\t\t\t\t<\/dd><\/dl><br style=\"clear: both\" \/><dl class='gallery-item'>\n\t\t\t<dt class='gallery-icon landscape'>\n\t\t\t\t<a href='https:\/\/www.mediadom-piran.si\/wp-content\/uploads\/2018\/06\/Mladi-Val-Festiva-22-6-2018-park-sonce-lucija-foto-jadran-rusjan-42-1280-x-853.jpg'><img loading=\"lazy\" decoding=\"async\" width=\"250\" height=\"250\" src=\"https:\/\/www.mediadom-piran.si\/wp-content\/uploads\/2018\/06\/Mladi-Val-Festiva-22-6-2018-park-sonce-lucija-foto-jadran-rusjan-42-1280-x-853-250x250.jpg\" class=\"attachment-thumbnail size-thumbnail\" alt=\"\" aria-describedby=\"gallery-2-2164\" \/><\/a>\n\t\t\t<\/dt>\n\t\t\t\t<dd class='wp-caption-text gallery-caption' id='gallery-2-2164'>\n\t\t\t\tfoto: J.Rusjan\n\t\t\t\t<\/dd><\/dl><dl class='gallery-item'>\n\t\t\t<dt class='gallery-icon landscape'>\n\t\t\t\t<a href='https:\/\/www.mediadom-piran.si\/wp-content\/uploads\/2018\/06\/Mladi-Val-Festiva-22-6-2018-park-sonce-lucija-foto-jadran-rusjan-43-1280-x-853.jpg'><img loading=\"lazy\" decoding=\"async\" width=\"250\" height=\"250\" src=\"https:\/\/www.mediadom-piran.si\/wp-content\/uploads\/2018\/06\/Mladi-Val-Festiva-22-6-2018-park-sonce-lucija-foto-jadran-rusjan-43-1280-x-853-250x250.jpg\" class=\"attachment-thumbnail size-thumbnail\" alt=\"\" aria-describedby=\"gallery-2-2165\" \/><\/a>\n\t\t\t<\/dt>\n\t\t\t\t<dd class='wp-caption-text gallery-caption' id='gallery-2-2165'>\n\t\t\t\tfoto: J.Rusjan\n\t\t\t\t<\/dd><\/dl><dl class='gallery-item'>\n\t\t\t<dt class='gallery-icon portrait'>\n\t\t\t\t<a href='https:\/\/www.mediadom-piran.si\/wp-content\/uploads\/2018\/06\/Mladi-Val-Festiva-22-6-2018-park-sonce-lucija-foto-jadran-rusjan-44-853-x-1280.jpg'><img loading=\"lazy\" decoding=\"async\" width=\"250\" height=\"250\" src=\"https:\/\/www.mediadom-piran.si\/wp-content\/uploads\/2018\/06\/Mladi-Val-Festiva-22-6-2018-park-sonce-lucija-foto-jadran-rusjan-44-853-x-1280-250x250.jpg\" class=\"attachment-thumbnail size-thumbnail\" alt=\"\" aria-describedby=\"gallery-2-2166\" \/><\/a>\n\t\t\t<\/dt>\n\t\t\t\t<dd class='wp-caption-text gallery-caption' id='gallery-2-2166'>\n\t\t\t\tfoto: J.Rusjan\n\t\t\t\t<\/dd><\/dl><dl class='gallery-item'>\n\t\t\t<dt class='gallery-icon landscape'>\n\t\t\t\t<a href='https:\/\/www.mediadom-piran.si\/wp-content\/uploads\/2018\/06\/Mladi-Val-Festiva-22-6-2018-park-sonce-lucija-foto-jadran-rusjan-45-1280-x-853.jpg'><img loading=\"lazy\" decoding=\"async\" width=\"250\" height=\"250\" src=\"https:\/\/www.mediadom-piran.si\/wp-content\/uploads\/2018\/06\/Mladi-Val-Festiva-22-6-2018-park-sonce-lucija-foto-jadran-rusjan-45-1280-x-853-250x250.jpg\" class=\"attachment-thumbnail size-thumbnail\" alt=\"\" aria-describedby=\"gallery-2-2167\" \/><\/a>\n\t\t\t<\/dt>\n\t\t\t\t<dd class='wp-caption-text gallery-caption' id='gallery-2-2167'>\n\t\t\t\tfoto: J.Rusjan\n\t\t\t\t<\/dd><\/dl><dl class='gallery-item'>\n\t\t\t<dt class='gallery-icon portrait'>\n\t\t\t\t<a href='https:\/\/www.mediadom-piran.si\/wp-content\/uploads\/2018\/06\/Mladi-Val-Festiva-22-6-2018-park-sonce-lucija-foto-jadran-rusjan-46-853-x-1280.jpg'><img loading=\"lazy\" decoding=\"async\" width=\"250\" height=\"250\" src=\"https:\/\/www.mediadom-piran.si\/wp-content\/uploads\/2018\/06\/Mladi-Val-Festiva-22-6-2018-park-sonce-lucija-foto-jadran-rusjan-46-853-x-1280-250x250.jpg\" class=\"attachment-thumbnail size-thumbnail\" alt=\"\" aria-describedby=\"gallery-2-2168\" \/><\/a>\n\t\t\t<\/dt>\n\t\t\t\t<dd class='wp-caption-text gallery-caption' id='gallery-2-2168'>\n\t\t\t\tfoto: J.Rusjan\n\t\t\t\t<\/dd><\/dl><dl class='gallery-item'>\n\t\t\t<dt class='gallery-icon landscape'>\n\t\t\t\t<a href='https:\/\/www.mediadom-piran.si\/wp-content\/uploads\/2018\/06\/Mladi-Val-Festiva-22-6-2018-park-sonce-lucija-foto-jadran-rusjan-47-1280-x-853.jpg'><img loading=\"lazy\" decoding=\"async\" width=\"250\" height=\"250\" src=\"https:\/\/www.mediadom-piran.si\/wp-content\/uploads\/2018\/06\/Mladi-Val-Festiva-22-6-2018-park-sonce-lucija-foto-jadran-rusjan-47-1280-x-853-250x250.jpg\" class=\"attachment-thumbnail size-thumbnail\" alt=\"\" aria-describedby=\"gallery-2-2169\" \/><\/a>\n\t\t\t<\/dt>\n\t\t\t\t<dd class='wp-caption-text gallery-caption' id='gallery-2-2169'>\n\t\t\t\tfoto: J.Rusjan\n\t\t\t\t<\/dd><\/dl><dl class='gallery-item'>\n\t\t\t<dt class='gallery-icon landscape'>\n\t\t\t\t<a href='https:\/\/www.mediadom-piran.si\/wp-content\/uploads\/2018\/06\/Mladi-Val-Festiva-22-6-2018-park-sonce-lucija-foto-jadran-rusjan-48-1280-x-853.jpg'><img loading=\"lazy\" decoding=\"async\" width=\"250\" height=\"250\" src=\"https:\/\/www.mediadom-piran.si\/wp-content\/uploads\/2018\/06\/Mladi-Val-Festiva-22-6-2018-park-sonce-lucija-foto-jadran-rusjan-48-1280-x-853-250x250.jpg\" class=\"attachment-thumbnail size-thumbnail\" alt=\"\" aria-describedby=\"gallery-2-2170\" \/><\/a>\n\t\t\t<\/dt>\n\t\t\t\t<dd class='wp-caption-text gallery-caption' id='gallery-2-2170'>\n\t\t\t\tfoto: J.Rusjan\n\t\t\t\t<\/dd><\/dl><dl class='gallery-item'>\n\t\t\t<dt class='gallery-icon portrait'>\n\t\t\t\t<a href='https:\/\/www.mediadom-piran.si\/wp-content\/uploads\/2018\/06\/Mladi-Val-Festiva-22-6-2018-park-sonce-lucija-foto-jadran-rusjan-49-853-x-1280.jpg'><img loading=\"lazy\" decoding=\"async\" width=\"250\" height=\"250\" src=\"https:\/\/www.mediadom-piran.si\/wp-content\/uploads\/2018\/06\/Mladi-Val-Festiva-22-6-2018-park-sonce-lucija-foto-jadran-rusjan-49-853-x-1280-250x250.jpg\" class=\"attachment-thumbnail size-thumbnail\" alt=\"\" aria-describedby=\"gallery-2-2171\" \/><\/a>\n\t\t\t<\/dt>\n\t\t\t\t<dd class='wp-caption-text gallery-caption' id='gallery-2-2171'>\n\t\t\t\tfoto: J.Rusjan\n\t\t\t\t<\/dd><\/dl><br style=\"clear: both\" \/><dl class='gallery-item'>\n\t\t\t<dt class='gallery-icon landscape'>\n\t\t\t\t<a href='https:\/\/www.mediadom-piran.si\/wp-content\/uploads\/2018\/06\/Mladi-Val-Festiva-22-6-2018-park-sonce-lucija-foto-jadran-rusjan-50-1280-x-853.jpg'><img loading=\"lazy\" decoding=\"async\" width=\"250\" height=\"250\" src=\"https:\/\/www.mediadom-piran.si\/wp-content\/uploads\/2018\/06\/Mladi-Val-Festiva-22-6-2018-park-sonce-lucija-foto-jadran-rusjan-50-1280-x-853-250x250.jpg\" class=\"attachment-thumbnail size-thumbnail\" alt=\"\" aria-describedby=\"gallery-2-2172\" \/><\/a>\n\t\t\t<\/dt>\n\t\t\t\t<dd class='wp-caption-text gallery-caption' id='gallery-2-2172'>\n\t\t\t\tfoto: J.Rusjan\n\t\t\t\t<\/dd><\/dl><dl class='gallery-item'>\n\t\t\t<dt class='gallery-icon portrait'>\n\t\t\t\t<a href='https:\/\/www.mediadom-piran.si\/wp-content\/uploads\/2018\/06\/Mladi-Val-Festiva-22-6-2018-park-sonce-lucija-foto-jadran-rusjan-51-852-x-1280.jpg'><img loading=\"lazy\" decoding=\"async\" width=\"250\" height=\"250\" src=\"https:\/\/www.mediadom-piran.si\/wp-content\/uploads\/2018\/06\/Mladi-Val-Festiva-22-6-2018-park-sonce-lucija-foto-jadran-rusjan-51-852-x-1280-250x250.jpg\" class=\"attachment-thumbnail size-thumbnail\" alt=\"\" aria-describedby=\"gallery-2-2173\" \/><\/a>\n\t\t\t<\/dt>\n\t\t\t\t<dd class='wp-caption-text gallery-caption' id='gallery-2-2173'>\n\t\t\t\tfoto: J.Rusjan\n\t\t\t\t<\/dd><\/dl><dl class='gallery-item'>\n\t\t\t<dt class='gallery-icon portrait'>\n\t\t\t\t<a href='https:\/\/www.mediadom-piran.si\/wp-content\/uploads\/2018\/06\/Mladi-Val-Festiva-22-6-2018-park-sonce-lucija-foto-jadran-rusjan-52-853-x-1280.jpg'><img loading=\"lazy\" decoding=\"async\" width=\"250\" height=\"250\" src=\"https:\/\/www.mediadom-piran.si\/wp-content\/uploads\/2018\/06\/Mladi-Val-Festiva-22-6-2018-park-sonce-lucija-foto-jadran-rusjan-52-853-x-1280-250x250.jpg\" class=\"attachment-thumbnail size-thumbnail\" alt=\"\" aria-describedby=\"gallery-2-2174\" \/><\/a>\n\t\t\t<\/dt>\n\t\t\t\t<dd class='wp-caption-text gallery-caption' id='gallery-2-2174'>\n\t\t\t\tfoto: J.Rusjan\n\t\t\t\t<\/dd><\/dl><dl class='gallery-item'>\n\t\t\t<dt class='gallery-icon portrait'>\n\t\t\t\t<a href='https:\/\/www.mediadom-piran.si\/wp-content\/uploads\/2018\/06\/Mladi-Val-Festiva-22-6-2018-park-sonce-lucija-foto-jadran-rusjan-53-853-x-1280.jpg'><img loading=\"lazy\" decoding=\"async\" width=\"250\" height=\"250\" src=\"https:\/\/www.mediadom-piran.si\/wp-content\/uploads\/2018\/06\/Mladi-Val-Festiva-22-6-2018-park-sonce-lucija-foto-jadran-rusjan-53-853-x-1280-250x250.jpg\" class=\"attachment-thumbnail size-thumbnail\" alt=\"\" aria-describedby=\"gallery-2-2175\" \/><\/a>\n\t\t\t<\/dt>\n\t\t\t\t<dd class='wp-caption-text gallery-caption' id='gallery-2-2175'>\n\t\t\t\tfoto: J.Rusjan\n\t\t\t\t<\/dd><\/dl><dl class='gallery-item'>\n\t\t\t<dt class='gallery-icon portrait'>\n\t\t\t\t<a href='https:\/\/www.mediadom-piran.si\/wp-content\/uploads\/2018\/06\/Mladi-Val-Festiva-22-6-2018-park-sonce-lucija-foto-jadran-rusjan-54-853-x-1280.jpg'><img loading=\"lazy\" decoding=\"async\" width=\"250\" height=\"250\" src=\"https:\/\/www.mediadom-piran.si\/wp-content\/uploads\/2018\/06\/Mladi-Val-Festiva-22-6-2018-park-sonce-lucija-foto-jadran-rusjan-54-853-x-1280-250x250.jpg\" class=\"attachment-thumbnail size-thumbnail\" alt=\"\" aria-describedby=\"gallery-2-2176\" \/><\/a>\n\t\t\t<\/dt>\n\t\t\t\t<dd class='wp-caption-text gallery-caption' id='gallery-2-2176'>\n\t\t\t\tfoto: J.Rusjan\n\t\t\t\t<\/dd><\/dl><dl class='gallery-item'>\n\t\t\t<dt class='gallery-icon portrait'>\n\t\t\t\t<a href='https:\/\/www.mediadom-piran.si\/wp-content\/uploads\/2018\/06\/Mladi-Val-Festiva-22-6-2018-park-sonce-lucija-foto-jadran-rusjan-55-853-x-1280.jpg'><img loading=\"lazy\" decoding=\"async\" width=\"250\" height=\"250\" src=\"https:\/\/www.mediadom-piran.si\/wp-content\/uploads\/2018\/06\/Mladi-Val-Festiva-22-6-2018-park-sonce-lucija-foto-jadran-rusjan-55-853-x-1280-250x250.jpg\" class=\"attachment-thumbnail size-thumbnail\" alt=\"\" aria-describedby=\"gallery-2-2177\" \/><\/a>\n\t\t\t<\/dt>\n\t\t\t\t<dd class='wp-caption-text gallery-caption' id='gallery-2-2177'>\n\t\t\t\tfoto: J.Rusjan\n\t\t\t\t<\/dd><\/dl><dl class='gallery-item'>\n\t\t\t<dt class='gallery-icon portrait'>\n\t\t\t\t<a href='https:\/\/www.mediadom-piran.si\/wp-content\/uploads\/2018\/06\/Mladi-Val-Festiva-22-6-2018-park-sonce-lucija-foto-jadran-rusjan-56-853-x-1280.jpg'><img loading=\"lazy\" decoding=\"async\" width=\"250\" height=\"250\" src=\"https:\/\/www.mediadom-piran.si\/wp-content\/uploads\/2018\/06\/Mladi-Val-Festiva-22-6-2018-park-sonce-lucija-foto-jadran-rusjan-56-853-x-1280-250x250.jpg\" class=\"attachment-thumbnail size-thumbnail\" alt=\"\" aria-describedby=\"gallery-2-2178\" \/><\/a>\n\t\t\t<\/dt>\n\t\t\t\t<dd class='wp-caption-text gallery-caption' id='gallery-2-2178'>\n\t\t\t\tfoto: J.Rusjan\n\t\t\t\t<\/dd><\/dl><dl class='gallery-item'>\n\t\t\t<dt class='gallery-icon landscape'>\n\t\t\t\t<a href='https:\/\/www.mediadom-piran.si\/wp-content\/uploads\/2018\/06\/Mladi-Val-Festiva-22-6-2018-park-sonce-lucija-foto-jadran-rusjan-57-1280-x-853.jpg'><img loading=\"lazy\" decoding=\"async\" width=\"250\" height=\"250\" src=\"https:\/\/www.mediadom-piran.si\/wp-content\/uploads\/2018\/06\/Mladi-Val-Festiva-22-6-2018-park-sonce-lucija-foto-jadran-rusjan-57-1280-x-853-250x250.jpg\" class=\"attachment-thumbnail size-thumbnail\" alt=\"\" aria-describedby=\"gallery-2-2179\" \/><\/a>\n\t\t\t<\/dt>\n\t\t\t\t<dd class='wp-caption-text gallery-caption' id='gallery-2-2179'>\n\t\t\t\tfoto: J.Rusjan\n\t\t\t\t<\/dd><\/dl><br style=\"clear: both\" \/><dl class='gallery-item'>\n\t\t\t<dt class='gallery-icon landscape'>\n\t\t\t\t<a href='https:\/\/www.mediadom-piran.si\/wp-content\/uploads\/2018\/06\/Mladi-Val-Festiva-22-6-2018-park-sonce-lucija-foto-jadran-rusjan-58-1280-x-853.jpg'><img loading=\"lazy\" decoding=\"async\" width=\"250\" height=\"250\" src=\"https:\/\/www.mediadom-piran.si\/wp-content\/uploads\/2018\/06\/Mladi-Val-Festiva-22-6-2018-park-sonce-lucija-foto-jadran-rusjan-58-1280-x-853-250x250.jpg\" class=\"attachment-thumbnail size-thumbnail\" alt=\"\" aria-describedby=\"gallery-2-2180\" \/><\/a>\n\t\t\t<\/dt>\n\t\t\t\t<dd class='wp-caption-text gallery-caption' id='gallery-2-2180'>\n\t\t\t\tfoto: J.Rusjan\n\t\t\t\t<\/dd><\/dl><dl class='gallery-item'>\n\t\t\t<dt class='gallery-icon landscape'>\n\t\t\t\t<a href='https:\/\/www.mediadom-piran.si\/wp-content\/uploads\/2018\/06\/Mladi-Val-Festiva-22-6-2018-park-sonce-lucija-foto-jadran-rusjan-59-1280-x-853.jpg'><img loading=\"lazy\" decoding=\"async\" width=\"250\" height=\"250\" src=\"https:\/\/www.mediadom-piran.si\/wp-content\/uploads\/2018\/06\/Mladi-Val-Festiva-22-6-2018-park-sonce-lucija-foto-jadran-rusjan-59-1280-x-853-250x250.jpg\" class=\"attachment-thumbnail size-thumbnail\" alt=\"\" aria-describedby=\"gallery-2-2181\" \/><\/a>\n\t\t\t<\/dt>\n\t\t\t\t<dd class='wp-caption-text gallery-caption' id='gallery-2-2181'>\n\t\t\t\tfoto: J.Rusjan\n\t\t\t\t<\/dd><\/dl><dl class='gallery-item'>\n\t\t\t<dt class='gallery-icon portrait'>\n\t\t\t\t<a href='https:\/\/www.mediadom-piran.si\/wp-content\/uploads\/2018\/06\/Mladi-Val-Festiva-22-6-2018-park-sonce-lucija-foto-aleksander-bancic-01-1076-x-1280.jpg'><img loading=\"lazy\" decoding=\"async\" width=\"250\" height=\"250\" src=\"https:\/\/www.mediadom-piran.si\/wp-content\/uploads\/2018\/06\/Mladi-Val-Festiva-22-6-2018-park-sonce-lucija-foto-aleksander-bancic-01-1076-x-1280-250x250.jpg\" class=\"attachment-thumbnail size-thumbnail\" alt=\"\" aria-describedby=\"gallery-2-2182\" \/><\/a>\n\t\t\t<\/dt>\n\t\t\t\t<dd class='wp-caption-text gallery-caption' id='gallery-2-2182'>\n\t\t\t\tfoto: S.Ban\u010di\u010d\n\t\t\t\t<\/dd><\/dl><dl class='gallery-item'>\n\t\t\t<dt class='gallery-icon landscape'>\n\t\t\t\t<a href='https:\/\/www.mediadom-piran.si\/wp-content\/uploads\/2018\/06\/Mladi-Val-Festiva-22-6-2018-park-sonce-lucija-foto-aleksander-bancic-02-1280-x-961.jpg'><img loading=\"lazy\" decoding=\"async\" width=\"250\" height=\"250\" src=\"https:\/\/www.mediadom-piran.si\/wp-content\/uploads\/2018\/06\/Mladi-Val-Festiva-22-6-2018-park-sonce-lucija-foto-aleksander-bancic-02-1280-x-961-250x250.jpg\" class=\"attachment-thumbnail size-thumbnail\" alt=\"\" aria-describedby=\"gallery-2-2183\" \/><\/a>\n\t\t\t<\/dt>\n\t\t\t\t<dd class='wp-caption-text gallery-caption' id='gallery-2-2183'>\n\t\t\t\tfoto: S.Ban\u010di\u010d\n\t\t\t\t<\/dd><\/dl><dl class='gallery-item'>\n\t\t\t<dt class='gallery-icon landscape'>\n\t\t\t\t<a href='https:\/\/www.mediadom-piran.si\/wp-content\/uploads\/2018\/06\/Mladi-Val-Festiva-22-6-2018-park-sonce-lucija-foto-aleksander-bancic-03-1280-x-996.jpg'><img loading=\"lazy\" decoding=\"async\" width=\"250\" height=\"250\" src=\"https:\/\/www.mediadom-piran.si\/wp-content\/uploads\/2018\/06\/Mladi-Val-Festiva-22-6-2018-park-sonce-lucija-foto-aleksander-bancic-03-1280-x-996-250x250.jpg\" class=\"attachment-thumbnail size-thumbnail\" alt=\"\" aria-describedby=\"gallery-2-2184\" \/><\/a>\n\t\t\t<\/dt>\n\t\t\t\t<dd class='wp-caption-text gallery-caption' id='gallery-2-2184'>\n\t\t\t\tfoto: S.Ban\u010di\u010d\n\t\t\t\t<\/dd><\/dl><dl class='gallery-item'>\n\t\t\t<dt class='gallery-icon portrait'>\n\t\t\t\t<a href='https:\/\/www.mediadom-piran.si\/wp-content\/uploads\/2018\/06\/Mladi-Val-Festiva-22-6-2018-park-sonce-lucija-foto-aleksander-bancic-04-905-x-1280.jpg'><img loading=\"lazy\" decoding=\"async\" width=\"250\" height=\"250\" src=\"https:\/\/www.mediadom-piran.si\/wp-content\/uploads\/2018\/06\/Mladi-Val-Festiva-22-6-2018-park-sonce-lucija-foto-aleksander-bancic-04-905-x-1280-250x250.jpg\" class=\"attachment-thumbnail size-thumbnail\" alt=\"\" aria-describedby=\"gallery-2-2185\" \/><\/a>\n\t\t\t<\/dt>\n\t\t\t\t<dd class='wp-caption-text gallery-caption' id='gallery-2-2185'>\n\t\t\t\tfoto: S.Ban\u010di\u010d\n\t\t\t\t<\/dd><\/dl><dl class='gallery-item'>\n\t\t\t<dt class='gallery-icon landscape'>\n\t\t\t\t<a href='https:\/\/www.mediadom-piran.si\/wp-content\/uploads\/2018\/06\/Mladi-Val-Festiva-22-6-2018-park-sonce-lucija-foto-aleksander-bancic-05-1280-x-826.jpg'><img loading=\"lazy\" decoding=\"async\" width=\"250\" height=\"250\" src=\"https:\/\/www.mediadom-piran.si\/wp-content\/uploads\/2018\/06\/Mladi-Val-Festiva-22-6-2018-park-sonce-lucija-foto-aleksander-bancic-05-1280-x-826-250x250.jpg\" class=\"attachment-thumbnail size-thumbnail\" alt=\"\" aria-describedby=\"gallery-2-2186\" \/><\/a>\n\t\t\t<\/dt>\n\t\t\t\t<dd class='wp-caption-text gallery-caption' id='gallery-2-2186'>\n\t\t\t\tfoto: S.Ban\u010di\u010d\n\t\t\t\t<\/dd><\/dl><dl class='gallery-item'>\n\t\t\t<dt class='gallery-icon landscape'>\n\t\t\t\t<a href='https:\/\/www.mediadom-piran.si\/wp-content\/uploads\/2018\/06\/Mladi-Val-Festiva-22-6-2018-park-sonce-lucija-foto-aleksander-bancic-06-1280-x-736.jpg'><img loading=\"lazy\" decoding=\"async\" width=\"250\" height=\"250\" src=\"https:\/\/www.mediadom-piran.si\/wp-content\/uploads\/2018\/06\/Mladi-Val-Festiva-22-6-2018-park-sonce-lucija-foto-aleksander-bancic-06-1280-x-736-250x250.jpg\" class=\"attachment-thumbnail size-thumbnail\" alt=\"\" aria-describedby=\"gallery-2-2187\" \/><\/a>\n\t\t\t<\/dt>\n\t\t\t\t<dd class='wp-caption-text gallery-caption' id='gallery-2-2187'>\n\t\t\t\tfoto: S.Ban\u010di\u010d\n\t\t\t\t<\/dd><\/dl><br style=\"clear: both\" \/><dl class='gallery-item'>\n\t\t\t<dt class='gallery-icon landscape'>\n\t\t\t\t<a href='https:\/\/www.mediadom-piran.si\/wp-content\/uploads\/2018\/06\/Mladi-Val-Festiva-22-6-2018-park-sonce-lucija-foto-aleksander-bancic-07-1280-x-764.jpg'><img loading=\"lazy\" decoding=\"async\" width=\"250\" height=\"250\" src=\"https:\/\/www.mediadom-piran.si\/wp-content\/uploads\/2018\/06\/Mladi-Val-Festiva-22-6-2018-park-sonce-lucija-foto-aleksander-bancic-07-1280-x-764-250x250.jpg\" class=\"attachment-thumbnail size-thumbnail\" alt=\"\" aria-describedby=\"gallery-2-2188\" \/><\/a>\n\t\t\t<\/dt>\n\t\t\t\t<dd class='wp-caption-text gallery-caption' id='gallery-2-2188'>\n\t\t\t\tfoto: S.Ban\u010di\u010d\n\t\t\t\t<\/dd><\/dl><dl class='gallery-item'>\n\t\t\t<dt class='gallery-icon portrait'>\n\t\t\t\t<a href='https:\/\/www.mediadom-piran.si\/wp-content\/uploads\/2018\/06\/Mladi-Val-Festiva-22-6-2018-park-sonce-lucija-foto-aleksander-bancic-08-750-x-1280.jpg'><img loading=\"lazy\" decoding=\"async\" width=\"250\" height=\"250\" src=\"https:\/\/www.mediadom-piran.si\/wp-content\/uploads\/2018\/06\/Mladi-Val-Festiva-22-6-2018-park-sonce-lucija-foto-aleksander-bancic-08-750-x-1280-250x250.jpg\" class=\"attachment-thumbnail size-thumbnail\" alt=\"\" aria-describedby=\"gallery-2-2189\" \/><\/a>\n\t\t\t<\/dt>\n\t\t\t\t<dd class='wp-caption-text gallery-caption' id='gallery-2-2189'>\n\t\t\t\tfoto: S.Ban\u010di\u010d\n\t\t\t\t<\/dd><\/dl><dl class='gallery-item'>\n\t\t\t<dt class='gallery-icon portrait'>\n\t\t\t\t<a href='https:\/\/www.mediadom-piran.si\/wp-content\/uploads\/2018\/06\/Mladi-Val-Festiva-22-6-2018-park-sonce-lucija-foto-aleksander-bancic-09-850-x-1280.jpg'><img loading=\"lazy\" decoding=\"async\" width=\"250\" height=\"250\" src=\"https:\/\/www.mediadom-piran.si\/wp-content\/uploads\/2018\/06\/Mladi-Val-Festiva-22-6-2018-park-sonce-lucija-foto-aleksander-bancic-09-850-x-1280-250x250.jpg\" class=\"attachment-thumbnail size-thumbnail\" alt=\"\" aria-describedby=\"gallery-2-2190\" \/><\/a>\n\t\t\t<\/dt>\n\t\t\t\t<dd class='wp-caption-text gallery-caption' id='gallery-2-2190'>\n\t\t\t\tfoto: S.Ban\u010di\u010d\n\t\t\t\t<\/dd><\/dl><dl class='gallery-item'>\n\t\t\t<dt class='gallery-icon portrait'>\n\t\t\t\t<a href='https:\/\/www.mediadom-piran.si\/wp-content\/uploads\/2018\/06\/Mladi-Val-Festiva-22-6-2018-park-sonce-lucija-foto-aleksander-bancic-10-653-x-1280.jpg'><img loading=\"lazy\" decoding=\"async\" width=\"250\" height=\"250\" src=\"https:\/\/www.mediadom-piran.si\/wp-content\/uploads\/2018\/06\/Mladi-Val-Festiva-22-6-2018-park-sonce-lucija-foto-aleksander-bancic-10-653-x-1280-250x250.jpg\" class=\"attachment-thumbnail size-thumbnail\" alt=\"\" aria-describedby=\"gallery-2-2191\" \/><\/a>\n\t\t\t<\/dt>\n\t\t\t\t<dd class='wp-caption-text gallery-caption' id='gallery-2-2191'>\n\t\t\t\tfoto: S.Ban\u010di\u010d\n\t\t\t\t<\/dd><\/dl><dl class='gallery-item'>\n\t\t\t<dt class='gallery-icon landscape'>\n\t\t\t\t<a href='https:\/\/www.mediadom-piran.si\/wp-content\/uploads\/2018\/06\/Mladi-Val-Festiva-22-6-2018-park-sonce-lucija-foto-aleksander-bancic-11-1280-x-740.jpg'><img loading=\"lazy\" decoding=\"async\" width=\"250\" height=\"250\" src=\"https:\/\/www.mediadom-piran.si\/wp-content\/uploads\/2018\/06\/Mladi-Val-Festiva-22-6-2018-park-sonce-lucija-foto-aleksander-bancic-11-1280-x-740-250x250.jpg\" class=\"attachment-thumbnail size-thumbnail\" alt=\"\" aria-describedby=\"gallery-2-2192\" \/><\/a>\n\t\t\t<\/dt>\n\t\t\t\t<dd class='wp-caption-text gallery-caption' id='gallery-2-2192'>\n\t\t\t\tfoto: S.Ban\u010di\u010d\n\t\t\t\t<\/dd><\/dl><dl class='gallery-item'>\n\t\t\t<dt class='gallery-icon portrait'>\n\t\t\t\t<a href='https:\/\/www.mediadom-piran.si\/wp-content\/uploads\/2018\/06\/Mladi-Val-Festiva-22-6-2018-park-sonce-lucija-foto-aleksander-bancic-12-853-x-1280.jpg'><img loading=\"lazy\" decoding=\"async\" width=\"250\" height=\"250\" src=\"https:\/\/www.mediadom-piran.si\/wp-content\/uploads\/2018\/06\/Mladi-Val-Festiva-22-6-2018-park-sonce-lucija-foto-aleksander-bancic-12-853-x-1280-250x250.jpg\" class=\"attachment-thumbnail size-thumbnail\" alt=\"\" aria-describedby=\"gallery-2-2193\" \/><\/a>\n\t\t\t<\/dt>\n\t\t\t\t<dd class='wp-caption-text gallery-caption' id='gallery-2-2193'>\n\t\t\t\tfoto: S.Ban\u010di\u010d\n\t\t\t\t<\/dd><\/dl><dl class='gallery-item'>\n\t\t\t<dt class='gallery-icon landscape'>\n\t\t\t\t<a href='https:\/\/www.mediadom-piran.si\/wp-content\/uploads\/2018\/06\/Mladi-Val-Festiva-22-6-2018-park-sonce-lucija-foto-aleksander-bancic-13-1280-x-812.jpg'><img loading=\"lazy\" decoding=\"async\" width=\"250\" height=\"250\" src=\"https:\/\/www.mediadom-piran.si\/wp-content\/uploads\/2018\/06\/Mladi-Val-Festiva-22-6-2018-park-sonce-lucija-foto-aleksander-bancic-13-1280-x-812-250x250.jpg\" class=\"attachment-thumbnail size-thumbnail\" alt=\"\" aria-describedby=\"gallery-2-2194\" \/><\/a>\n\t\t\t<\/dt>\n\t\t\t\t<dd class='wp-caption-text gallery-caption' id='gallery-2-2194'>\n\t\t\t\tfoto: S.Ban\u010di\u010d\n\t\t\t\t<\/dd><\/dl><dl class='gallery-item'>\n\t\t\t<dt class='gallery-icon portrait'>\n\t\t\t\t<a href='https:\/\/www.mediadom-piran.si\/wp-content\/uploads\/2018\/06\/Mladi-Val-Festiva-22-6-2018-park-sonce-lucija-foto-aleksander-bancic-14-823-x-1280.jpg'><img loading=\"lazy\" decoding=\"async\" width=\"250\" height=\"250\" src=\"https:\/\/www.mediadom-piran.si\/wp-content\/uploads\/2018\/06\/Mladi-Val-Festiva-22-6-2018-park-sonce-lucija-foto-aleksander-bancic-14-823-x-1280-250x250.jpg\" class=\"attachment-thumbnail size-thumbnail\" alt=\"\" aria-describedby=\"gallery-2-2195\" \/><\/a>\n\t\t\t<\/dt>\n\t\t\t\t<dd class='wp-caption-text gallery-caption' id='gallery-2-2195'>\n\t\t\t\tfoto: S.Ban\u010di\u010d\n\t\t\t\t<\/dd><\/dl><br style=\"clear: both\" \/><dl class='gallery-item'>\n\t\t\t<dt class='gallery-icon landscape'>\n\t\t\t\t<a href='https:\/\/www.mediadom-piran.si\/wp-content\/uploads\/2018\/06\/Mladi-Val-Festiva-22-6-2018-park-sonce-lucija-foto-aleksander-bancic-15-1280-x-720.jpg'><img loading=\"lazy\" decoding=\"async\" width=\"250\" height=\"250\" src=\"https:\/\/www.mediadom-piran.si\/wp-content\/uploads\/2018\/06\/Mladi-Val-Festiva-22-6-2018-park-sonce-lucija-foto-aleksander-bancic-15-1280-x-720-250x250.jpg\" class=\"attachment-thumbnail size-thumbnail\" alt=\"\" aria-describedby=\"gallery-2-2196\" \/><\/a>\n\t\t\t<\/dt>\n\t\t\t\t<dd class='wp-caption-text gallery-caption' id='gallery-2-2196'>\n\t\t\t\tfoto: S.Ban\u010di\u010d\n\t\t\t\t<\/dd><\/dl><dl class='gallery-item'>\n\t\t\t<dt class='gallery-icon landscape'>\n\t\t\t\t<a href='https:\/\/www.mediadom-piran.si\/wp-content\/uploads\/2018\/06\/Mladi-Val-Festiva-22-6-2018-park-sonce-lucija-foto-aleksander-bancic-16-1280-x-907.jpg'><img loading=\"lazy\" decoding=\"async\" width=\"250\" height=\"250\" src=\"https:\/\/www.mediadom-piran.si\/wp-content\/uploads\/2018\/06\/Mladi-Val-Festiva-22-6-2018-park-sonce-lucija-foto-aleksander-bancic-16-1280-x-907-250x250.jpg\" class=\"attachment-thumbnail size-thumbnail\" alt=\"\" aria-describedby=\"gallery-2-2197\" \/><\/a>\n\t\t\t<\/dt>\n\t\t\t\t<dd class='wp-caption-text gallery-caption' id='gallery-2-2197'>\n\t\t\t\tfoto: S.Ban\u010di\u010d\n\t\t\t\t<\/dd><\/dl><dl class='gallery-item'>\n\t\t\t<dt class='gallery-icon portrait'>\n\t\t\t\t<a href='https:\/\/www.mediadom-piran.si\/wp-content\/uploads\/2018\/06\/Mladi-Val-Festiva-22-6-2018-park-sonce-lucija-foto-aleksander-bancic-17-1092-x-1280.jpg'><img loading=\"lazy\" decoding=\"async\" width=\"250\" height=\"250\" src=\"https:\/\/www.mediadom-piran.si\/wp-content\/uploads\/2018\/06\/Mladi-Val-Festiva-22-6-2018-park-sonce-lucija-foto-aleksander-bancic-17-1092-x-1280-250x250.jpg\" class=\"attachment-thumbnail size-thumbnail\" alt=\"\" aria-describedby=\"gallery-2-2198\" \/><\/a>\n\t\t\t<\/dt>\n\t\t\t\t<dd class='wp-caption-text gallery-caption' id='gallery-2-2198'>\n\t\t\t\tfoto: S.Ban\u010di\u010d\n\t\t\t\t<\/dd><\/dl><dl class='gallery-item'>\n\t\t\t<dt class='gallery-icon landscape'>\n\t\t\t\t<a href='https:\/\/www.mediadom-piran.si\/wp-content\/uploads\/2018\/06\/Mladi-Val-Festiva-22-6-2018-park-sonce-lucija-foto-aleksander-bancic-18-1280-x-776.jpg'><img loading=\"lazy\" decoding=\"async\" width=\"250\" height=\"250\" src=\"https:\/\/www.mediadom-piran.si\/wp-content\/uploads\/2018\/06\/Mladi-Val-Festiva-22-6-2018-park-sonce-lucija-foto-aleksander-bancic-18-1280-x-776-250x250.jpg\" class=\"attachment-thumbnail size-thumbnail\" alt=\"\" aria-describedby=\"gallery-2-2199\" \/><\/a>\n\t\t\t<\/dt>\n\t\t\t\t<dd class='wp-caption-text gallery-caption' id='gallery-2-2199'>\n\t\t\t\tfoto: S.Ban\u010di\u010d\n\t\t\t\t<\/dd><\/dl><dl class='gallery-item'>\n\t\t\t<dt class='gallery-icon landscape'>\n\t\t\t\t<a href='https:\/\/www.mediadom-piran.si\/wp-content\/uploads\/2018\/06\/Mladi-Val-Festiva-22-6-2018-park-sonce-lucija-foto-aleksander-bancic-19-1280-x-854.jpg'><img loading=\"lazy\" decoding=\"async\" width=\"250\" height=\"250\" src=\"https:\/\/www.mediadom-piran.si\/wp-content\/uploads\/2018\/06\/Mladi-Val-Festiva-22-6-2018-park-sonce-lucija-foto-aleksander-bancic-19-1280-x-854-250x250.jpg\" class=\"attachment-thumbnail size-thumbnail\" alt=\"\" aria-describedby=\"gallery-2-2200\" \/><\/a>\n\t\t\t<\/dt>\n\t\t\t\t<dd class='wp-caption-text gallery-caption' id='gallery-2-2200'>\n\t\t\t\tfoto: S.Ban\u010di\u010d\n\t\t\t\t<\/dd><\/dl><dl class='gallery-item'>\n\t\t\t<dt class='gallery-icon landscape'>\n\t\t\t\t<a href='https:\/\/www.mediadom-piran.si\/wp-content\/uploads\/2018\/06\/Mladi-Val-Festiva-22-6-2018-park-sonce-lucija-foto-aleksander-bancic-20-1280-x-687.jpg'><img loading=\"lazy\" decoding=\"async\" width=\"250\" height=\"250\" src=\"https:\/\/www.mediadom-piran.si\/wp-content\/uploads\/2018\/06\/Mladi-Val-Festiva-22-6-2018-park-sonce-lucija-foto-aleksander-bancic-20-1280-x-687-250x250.jpg\" class=\"attachment-thumbnail size-thumbnail\" alt=\"\" aria-describedby=\"gallery-2-2201\" \/><\/a>\n\t\t\t<\/dt>\n\t\t\t\t<dd class='wp-caption-text gallery-caption' id='gallery-2-2201'>\n\t\t\t\tfoto: S.Ban\u010di\u010d\n\t\t\t\t<\/dd><\/dl><dl class='gallery-item'>\n\t\t\t<dt class='gallery-icon portrait'>\n\t\t\t\t<a href='https:\/\/www.mediadom-piran.si\/wp-content\/uploads\/2018\/06\/Mladi-Val-Festiva-22-6-2018-park-sonce-lucija-foto-aleksander-bancic-21-770-x-1280.jpg'><img loading=\"lazy\" decoding=\"async\" width=\"250\" height=\"250\" src=\"https:\/\/www.mediadom-piran.si\/wp-content\/uploads\/2018\/06\/Mladi-Val-Festiva-22-6-2018-park-sonce-lucija-foto-aleksander-bancic-21-770-x-1280-250x250.jpg\" class=\"attachment-thumbnail size-thumbnail\" alt=\"\" aria-describedby=\"gallery-2-2202\" \/><\/a>\n\t\t\t<\/dt>\n\t\t\t\t<dd class='wp-caption-text gallery-caption' id='gallery-2-2202'>\n\t\t\t\tfoto: S.Ban\u010di\u010d\n\t\t\t\t<\/dd><\/dl><dl class='gallery-item'>\n\t\t\t<dt class='gallery-icon landscape'>\n\t\t\t\t<a href='https:\/\/www.mediadom-piran.si\/wp-content\/uploads\/2018\/06\/Mladi-Val-Festiva-22-6-2018-park-sonce-lucija-foto-aleksander-bancic-22-1280-x-683.jpg'><img loading=\"lazy\" decoding=\"async\" width=\"250\" height=\"250\" src=\"https:\/\/www.mediadom-piran.si\/wp-content\/uploads\/2018\/06\/Mladi-Val-Festiva-22-6-2018-park-sonce-lucija-foto-aleksander-bancic-22-1280-x-683-250x250.jpg\" class=\"attachment-thumbnail size-thumbnail\" alt=\"\" aria-describedby=\"gallery-2-2203\" \/><\/a>\n\t\t\t<\/dt>\n\t\t\t\t<dd class='wp-caption-text gallery-caption' id='gallery-2-2203'>\n\t\t\t\tfoto: S.Ban\u010di\u010d\n\t\t\t\t<\/dd><\/dl><br style=\"clear: both\" \/><dl class='gallery-item'>\n\t\t\t<dt class='gallery-icon landscape'>\n\t\t\t\t<a href='https:\/\/www.mediadom-piran.si\/wp-content\/uploads\/2018\/06\/Mladi-Val-Festiva-22-6-2018-park-sonce-lucija-foto-aleksander-bancic-23-1280-x-960.jpg'><img loading=\"lazy\" decoding=\"async\" width=\"250\" height=\"250\" src=\"https:\/\/www.mediadom-piran.si\/wp-content\/uploads\/2018\/06\/Mladi-Val-Festiva-22-6-2018-park-sonce-lucija-foto-aleksander-bancic-23-1280-x-960-250x250.jpg\" class=\"attachment-thumbnail size-thumbnail\" alt=\"\" aria-describedby=\"gallery-2-2204\" \/><\/a>\n\t\t\t<\/dt>\n\t\t\t\t<dd class='wp-caption-text gallery-caption' id='gallery-2-2204'>\n\t\t\t\tfoto: S.Ban\u010di\u010d\n\t\t\t\t<\/dd><\/dl><dl class='gallery-item'>\n\t\t\t<dt class='gallery-icon portrait'>\n\t\t\t\t<a href='https:\/\/www.mediadom-piran.si\/wp-content\/uploads\/2018\/06\/Mladi-Val-Festiva-22-6-2018-park-sonce-lucija-foto-aleksander-bancic-24-805-x-1280.jpg'><img loading=\"lazy\" decoding=\"async\" width=\"250\" height=\"250\" src=\"https:\/\/www.mediadom-piran.si\/wp-content\/uploads\/2018\/06\/Mladi-Val-Festiva-22-6-2018-park-sonce-lucija-foto-aleksander-bancic-24-805-x-1280-250x250.jpg\" class=\"attachment-thumbnail size-thumbnail\" alt=\"\" aria-describedby=\"gallery-2-2205\" \/><\/a>\n\t\t\t<\/dt>\n\t\t\t\t<dd class='wp-caption-text gallery-caption' id='gallery-2-2205'>\n\t\t\t\tfoto: S.Ban\u010di\u010d\n\t\t\t\t<\/dd><\/dl><dl class='gallery-item'>\n\t\t\t<dt class='gallery-icon landscape'>\n\t\t\t\t<a href='https:\/\/www.mediadom-piran.si\/wp-content\/uploads\/2018\/06\/Mladi-Val-Festiva-22-6-2018-park-sonce-lucija-foto-aleksander-bancic-25-1280-x-831.jpg'><img loading=\"lazy\" decoding=\"async\" width=\"250\" height=\"250\" src=\"https:\/\/www.mediadom-piran.si\/wp-content\/uploads\/2018\/06\/Mladi-Val-Festiva-22-6-2018-park-sonce-lucija-foto-aleksander-bancic-25-1280-x-831-250x250.jpg\" class=\"attachment-thumbnail size-thumbnail\" alt=\"\" aria-describedby=\"gallery-2-2206\" \/><\/a>\n\t\t\t<\/dt>\n\t\t\t\t<dd class='wp-caption-text gallery-caption' id='gallery-2-2206'>\n\t\t\t\tfoto: S.Ban\u010di\u010d\n\t\t\t\t<\/dd><\/dl><dl class='gallery-item'>\n\t\t\t<dt class='gallery-icon landscape'>\n\t\t\t\t<a href='https:\/\/www.mediadom-piran.si\/wp-content\/uploads\/2018\/06\/Mladi-Val-Festiva-22-6-2018-park-sonce-lucija-foto-aleksander-bancic-27-1280-x-838.jpg'><img loading=\"lazy\" decoding=\"async\" width=\"250\" height=\"250\" src=\"https:\/\/www.mediadom-piran.si\/wp-content\/uploads\/2018\/06\/Mladi-Val-Festiva-22-6-2018-park-sonce-lucija-foto-aleksander-bancic-27-1280-x-838-250x250.jpg\" class=\"attachment-thumbnail size-thumbnail\" alt=\"\" aria-describedby=\"gallery-2-2208\" \/><\/a>\n\t\t\t<\/dt>\n\t\t\t\t<dd class='wp-caption-text gallery-caption' id='gallery-2-2208'>\n\t\t\t\tfoto: S.Ban\u010di\u010d\n\t\t\t\t<\/dd><\/dl><dl class='gallery-item'>\n\t\t\t<dt class='gallery-icon portrait'>\n\t\t\t\t<a href='https:\/\/www.mediadom-piran.si\/wp-content\/uploads\/2018\/06\/Mladi-Val-Festiva-22-6-2018-park-sonce-lucija-foto-aleksander-bancic-28-853-x-1280.jpg'><img loading=\"lazy\" decoding=\"async\" width=\"250\" height=\"250\" src=\"https:\/\/www.mediadom-piran.si\/wp-content\/uploads\/2018\/06\/Mladi-Val-Festiva-22-6-2018-park-sonce-lucija-foto-aleksander-bancic-28-853-x-1280-250x250.jpg\" class=\"attachment-thumbnail size-thumbnail\" alt=\"\" aria-describedby=\"gallery-2-2209\" \/><\/a>\n\t\t\t<\/dt>\n\t\t\t\t<dd class='wp-caption-text gallery-caption' id='gallery-2-2209'>\n\t\t\t\tfoto: S.Ban\u010di\u010d\n\t\t\t\t<\/dd><\/dl><dl class='gallery-item'>\n\t\t\t<dt class='gallery-icon portrait'>\n\t\t\t\t<a href='https:\/\/www.mediadom-piran.si\/wp-content\/uploads\/2018\/06\/Mladi-Val-Festiva-22-6-2018-park-sonce-lucija-foto-aleksander-bancic-29-864-x-1280.jpg'><img loading=\"lazy\" decoding=\"async\" width=\"250\" height=\"250\" src=\"https:\/\/www.mediadom-piran.si\/wp-content\/uploads\/2018\/06\/Mladi-Val-Festiva-22-6-2018-park-sonce-lucija-foto-aleksander-bancic-29-864-x-1280-250x250.jpg\" class=\"attachment-thumbnail size-thumbnail\" alt=\"\" aria-describedby=\"gallery-2-2210\" \/><\/a>\n\t\t\t<\/dt>\n\t\t\t\t<dd class='wp-caption-text gallery-caption' id='gallery-2-2210'>\n\t\t\t\tfoto: S.Ban\u010di\u010d\n\t\t\t\t<\/dd><\/dl><dl class='gallery-item'>\n\t\t\t<dt class='gallery-icon portrait'>\n\t\t\t\t<a href='https:\/\/www.mediadom-piran.si\/wp-content\/uploads\/2018\/06\/Mladi-Val-Festiva-22-6-2018-park-sonce-lucija-foto-aleksander-bancic-30-969-x-1280.jpg'><img loading=\"lazy\" decoding=\"async\" width=\"250\" height=\"250\" src=\"https:\/\/www.mediadom-piran.si\/wp-content\/uploads\/2018\/06\/Mladi-Val-Festiva-22-6-2018-park-sonce-lucija-foto-aleksander-bancic-30-969-x-1280-250x250.jpg\" class=\"attachment-thumbnail size-thumbnail\" alt=\"\" aria-describedby=\"gallery-2-2211\" \/><\/a>\n\t\t\t<\/dt>\n\t\t\t\t<dd class='wp-caption-text gallery-caption' id='gallery-2-2211'>\n\t\t\t\tfoto: S.Ban\u010di\u010d\n\t\t\t\t<\/dd><\/dl><dl class='gallery-item'>\n\t\t\t<dt class='gallery-icon landscape'>\n\t\t\t\t<a href='https:\/\/www.mediadom-piran.si\/wp-content\/uploads\/2018\/06\/Mladi-Val-Festiva-22-6-2018-park-sonce-lucija-foto-aleksander-bancic-31-1280-x-786.jpg'><img loading=\"lazy\" decoding=\"async\" width=\"250\" height=\"250\" src=\"https:\/\/www.mediadom-piran.si\/wp-content\/uploads\/2018\/06\/Mladi-Val-Festiva-22-6-2018-park-sonce-lucija-foto-aleksander-bancic-31-1280-x-786-250x250.jpg\" class=\"attachment-thumbnail size-thumbnail\" alt=\"\" aria-describedby=\"gallery-2-2212\" \/><\/a>\n\t\t\t<\/dt>\n\t\t\t\t<dd class='wp-caption-text gallery-caption' id='gallery-2-2212'>\n\t\t\t\tfoto: S.Ban\u010di\u010d\n\t\t\t\t<\/dd><\/dl><br style=\"clear: both\" \/><dl class='gallery-item'>\n\t\t\t<dt class='gallery-icon landscape'>\n\t\t\t\t<a href='https:\/\/www.mediadom-piran.si\/wp-content\/uploads\/2018\/06\/Mladi-Val-Festiva-22-6-2018-park-sonce-lucija-foto-aleksander-bancic-32-1280-x-915.jpg'><img loading=\"lazy\" decoding=\"async\" width=\"250\" height=\"250\" src=\"https:\/\/www.mediadom-piran.si\/wp-content\/uploads\/2018\/06\/Mladi-Val-Festiva-22-6-2018-park-sonce-lucija-foto-aleksander-bancic-32-1280-x-915-250x250.jpg\" class=\"attachment-thumbnail size-thumbnail\" alt=\"\" aria-describedby=\"gallery-2-2213\" \/><\/a>\n\t\t\t<\/dt>\n\t\t\t\t<dd class='wp-caption-text gallery-caption' id='gallery-2-2213'>\n\t\t\t\tfoto: S.Ban\u010di\u010d\n\t\t\t\t<\/dd><\/dl><dl class='gallery-item'>\n\t\t\t<dt class='gallery-icon landscape'>\n\t\t\t\t<a href='https:\/\/www.mediadom-piran.si\/wp-content\/uploads\/2018\/06\/Mladi-Val-Festiva-22-6-2018-park-sonce-lucija-foto-aleksander-bancic-33-1280-x-920.jpg'><img loading=\"lazy\" decoding=\"async\" width=\"250\" height=\"250\" src=\"https:\/\/www.mediadom-piran.si\/wp-content\/uploads\/2018\/06\/Mladi-Val-Festiva-22-6-2018-park-sonce-lucija-foto-aleksander-bancic-33-1280-x-920-250x250.jpg\" class=\"attachment-thumbnail size-thumbnail\" alt=\"\" aria-describedby=\"gallery-2-2214\" \/><\/a>\n\t\t\t<\/dt>\n\t\t\t\t<dd class='wp-caption-text gallery-caption' id='gallery-2-2214'>\n\t\t\t\tfoto: S.Ban\u010di\u010d\n\t\t\t\t<\/dd><\/dl><dl class='gallery-item'>\n\t\t\t<dt class='gallery-icon landscape'>\n\t\t\t\t<a href='https:\/\/www.mediadom-piran.si\/wp-content\/uploads\/2018\/06\/Mladi-Val-Festiva-22-6-2018-park-sonce-lucija-foto-aleksander-bancic-34-1280-x-754.jpg'><img loading=\"lazy\" decoding=\"async\" width=\"250\" height=\"250\" src=\"https:\/\/www.mediadom-piran.si\/wp-content\/uploads\/2018\/06\/Mladi-Val-Festiva-22-6-2018-park-sonce-lucija-foto-aleksander-bancic-34-1280-x-754-250x250.jpg\" class=\"attachment-thumbnail size-thumbnail\" alt=\"\" aria-describedby=\"gallery-2-2215\" \/><\/a>\n\t\t\t<\/dt>\n\t\t\t\t<dd class='wp-caption-text gallery-caption' id='gallery-2-2215'>\n\t\t\t\tfoto: S.Ban\u010di\u010d\n\t\t\t\t<\/dd><\/dl><dl class='gallery-item'>\n\t\t\t<dt class='gallery-icon landscape'>\n\t\t\t\t<a href='https:\/\/www.mediadom-piran.si\/wp-content\/uploads\/2018\/06\/Mladi-Val-Festiva-22-6-2018-park-sonce-lucija-foto-aleksander-bancic-35-1280-x-853.jpg'><img loading=\"lazy\" decoding=\"async\" width=\"250\" height=\"250\" src=\"https:\/\/www.mediadom-piran.si\/wp-content\/uploads\/2018\/06\/Mladi-Val-Festiva-22-6-2018-park-sonce-lucija-foto-aleksander-bancic-35-1280-x-853-250x250.jpg\" class=\"attachment-thumbnail size-thumbnail\" alt=\"\" aria-describedby=\"gallery-2-2216\" \/><\/a>\n\t\t\t<\/dt>\n\t\t\t\t<dd class='wp-caption-text gallery-caption' id='gallery-2-2216'>\n\t\t\t\tfoto: S.Ban\u010di\u010d\n\t\t\t\t<\/dd><\/dl><dl class='gallery-item'>\n\t\t\t<dt class='gallery-icon landscape'>\n\t\t\t\t<a href='https:\/\/www.mediadom-piran.si\/wp-content\/uploads\/2018\/06\/Mladi-Val-Festiva-22-6-2018-park-sonce-lucija-foto-aleksander-bancic-36-1280-x-734.jpg'><img loading=\"lazy\" decoding=\"async\" width=\"250\" height=\"250\" src=\"https:\/\/www.mediadom-piran.si\/wp-content\/uploads\/2018\/06\/Mladi-Val-Festiva-22-6-2018-park-sonce-lucija-foto-aleksander-bancic-36-1280-x-734-250x250.jpg\" class=\"attachment-thumbnail size-thumbnail\" alt=\"\" aria-describedby=\"gallery-2-2217\" \/><\/a>\n\t\t\t<\/dt>\n\t\t\t\t<dd class='wp-caption-text gallery-caption' id='gallery-2-2217'>\n\t\t\t\tfoto: S.Ban\u010di\u010d\n\t\t\t\t<\/dd><\/dl><dl class='gallery-item'>\n\t\t\t<dt class='gallery-icon landscape'>\n\t\t\t\t<a href='https:\/\/www.mediadom-piran.si\/wp-content\/uploads\/2018\/06\/Mladi-Val-Festiva-22-6-2018-park-sonce-lucija-foto-aleksander-bancic-37-1280-x-853.jpg'><img loading=\"lazy\" decoding=\"async\" width=\"250\" height=\"250\" src=\"https:\/\/www.mediadom-piran.si\/wp-content\/uploads\/2018\/06\/Mladi-Val-Festiva-22-6-2018-park-sonce-lucija-foto-aleksander-bancic-37-1280-x-853-250x250.jpg\" class=\"attachment-thumbnail size-thumbnail\" alt=\"\" aria-describedby=\"gallery-2-2218\" \/><\/a>\n\t\t\t<\/dt>\n\t\t\t\t<dd class='wp-caption-text gallery-caption' id='gallery-2-2218'>\n\t\t\t\tfoto: S.Ban\u010di\u010d\n\t\t\t\t<\/dd><\/dl><dl class='gallery-item'>\n\t\t\t<dt class='gallery-icon portrait'>\n\t\t\t\t<a href='https:\/\/www.mediadom-piran.si\/wp-content\/uploads\/2018\/06\/Mladi-Val-Festiva-22-6-2018-park-sonce-lucija-foto-aleksander-bancic-38-907-x-1280.jpg'><img loading=\"lazy\" decoding=\"async\" width=\"250\" height=\"250\" src=\"https:\/\/www.mediadom-piran.si\/wp-content\/uploads\/2018\/06\/Mladi-Val-Festiva-22-6-2018-park-sonce-lucija-foto-aleksander-bancic-38-907-x-1280-250x250.jpg\" class=\"attachment-thumbnail size-thumbnail\" alt=\"\" aria-describedby=\"gallery-2-2219\" \/><\/a>\n\t\t\t<\/dt>\n\t\t\t\t<dd class='wp-caption-text gallery-caption' id='gallery-2-2219'>\n\t\t\t\tfoto: S.Ban\u010di\u010d\n\t\t\t\t<\/dd><\/dl><dl class='gallery-item'>\n\t\t\t<dt class='gallery-icon landscape'>\n\t\t\t\t<a href='https:\/\/www.mediadom-piran.si\/wp-content\/uploads\/2018\/06\/Mladi-Val-Festiva-22-6-2018-park-sonce-lucija-foto-aleksander-bancic-40-1280-x-745.jpg'><img loading=\"lazy\" decoding=\"async\" width=\"250\" height=\"250\" src=\"https:\/\/www.mediadom-piran.si\/wp-content\/uploads\/2018\/06\/Mladi-Val-Festiva-22-6-2018-park-sonce-lucija-foto-aleksander-bancic-40-1280-x-745-250x250.jpg\" class=\"attachment-thumbnail size-thumbnail\" alt=\"\" aria-describedby=\"gallery-2-2220\" \/><\/a>\n\t\t\t<\/dt>\n\t\t\t\t<dd class='wp-caption-text gallery-caption' id='gallery-2-2220'>\n\t\t\t\tfoto: S.Ban\u010di\u010d\n\t\t\t\t<\/dd><\/dl><br style=\"clear: both\" \/><dl class='gallery-item'>\n\t\t\t<dt class='gallery-icon portrait'>\n\t\t\t\t<a href='https:\/\/www.mediadom-piran.si\/wp-content\/uploads\/2018\/06\/Mladi-Val-Festiva-22-6-2018-park-sonce-lucija-foto-aleksander-bancic-41-704-x-1280.jpg'><img loading=\"lazy\" decoding=\"async\" width=\"250\" height=\"250\" src=\"https:\/\/www.mediadom-piran.si\/wp-content\/uploads\/2018\/06\/Mladi-Val-Festiva-22-6-2018-park-sonce-lucija-foto-aleksander-bancic-41-704-x-1280-250x250.jpg\" class=\"attachment-thumbnail size-thumbnail\" alt=\"\" aria-describedby=\"gallery-2-2221\" \/><\/a>\n\t\t\t<\/dt>\n\t\t\t\t<dd class='wp-caption-text gallery-caption' id='gallery-2-2221'>\n\t\t\t\tfoto: S.Ban\u010di\u010d\n\t\t\t\t<\/dd><\/dl>\n\t\t\t<br style='clear: both' \/>\n\t\t<\/div>\n<\/p>","protected":false},"excerpt":{"rendered":"<p>Ci spiace, ma questo articolo \u00e8 disponibile soltanto in Sloven\u0161\u010dina.<\/p>\n","protected":false},"author":4,"featured_media":2223,"comment_status":"open","ping_status":"open","sticky":false,"template":"","format":"standard","meta":{"_acf_changed":false,"footnotes":""},"categories":[31],"tags":[462,101,448,440,358,447,441,311,449,437,452,445,442,458,438,454,453,463,464,439,263],"class_list":["post-2122","post","type-post","status-publish","format-standard","has-post-thumbnail","hentry","category-news","tag-aleksander-bancic","tag-fotoklub-portoroz","tag-hoops-from-herc","tag-infamous-love","tag-jadran-rusjan","tag-kdsi-punta-piran","tag-krkuca-kunekson","tag-kulturno-drustvo-ris","tag-lucija-snakes-skateboard-klub","tag-mladi-val-festival","tag-mortis-gallery","tag-muzofil","tag-nyiwsky","tag-park-sonce","tag-park-sonce-lucija","tag-rod-morskih-viharnikov-portoroz","tag-rod-sergeja-masere-piran","tag-simc-mladinski-epicenter-piran","tag-tine-dekorti-art","tag-wrong-generation","tag-zveza-drustev-igre-pandolo-slovenije"],"acf":[],"_links":{"self":[{"href":"https:\/\/www.mediadom-piran.si\/it\/wp-json\/wp\/v2\/posts\/2122","targetHints":{"allow":["GET"]}}],"collection":[{"href":"https:\/\/www.mediadom-piran.si\/it\/wp-json\/wp\/v2\/posts"}],"about":[{"href":"https:\/\/www.mediadom-piran.si\/it\/wp-json\/wp\/v2\/types\/post"}],"author":[{"embeddable":true,"href":"https:\/\/www.mediadom-piran.si\/it\/wp-json\/wp\/v2\/users\/4"}],"replies":[{"embeddable":true,"href":"https:\/\/www.mediadom-piran.si\/it\/wp-json\/wp\/v2\/comments?post=2122"}],"version-history":[{"count":4,"href":"https:\/\/www.mediadom-piran.si\/it\/wp-json\/wp\/v2\/posts\/2122\/revisions"}],"predecessor-version":[{"id":2226,"href":"https:\/\/www.mediadom-piran.si\/it\/wp-json\/wp\/v2\/posts\/2122\/revisions\/2226"}],"wp:featuredmedia":[{"embeddable":true,"href":"https:\/\/www.mediadom-piran.si\/it\/wp-json\/wp\/v2\/media\/2223"}],"wp:attachment":[{"href":"https:\/\/www.mediadom-piran.si\/it\/wp-json\/wp\/v2\/media?parent=2122"}],"wp:term":[{"taxonomy":"category","embeddable":true,"href":"https:\/\/www.mediadom-piran.si\/it\/wp-json\/wp\/v2\/categories?post=2122"},{"taxonomy":"post_tag","embeddable":true,"href":"https:\/\/www.mediadom-piran.si\/it\/wp-json\/wp\/v2\/tags?post=2122"}],"curies":[{"name":"wp","href":"https:\/\/api.w.org\/{rel}","templated":true}]}}