{"id":1720,"date":"2018-02-01T18:14:02","date_gmt":"2018-02-01T18:14:02","guid":{"rendered":"http:\/\/www.mediadom-piran.si\/?p=1720"},"modified":"2018-02-13T13:53:12","modified_gmt":"2018-02-13T13:53:12","slug":"nastop-ucencev-glasbene-sole-risto-savin-zalec-glasbene-sole-koper-in-dijakov-umetniske-gimnazije-koper","status":"publish","type":"post","link":"https:\/\/www.mediadom-piran.si\/it\/nastop-ucencev-glasbene-sole-risto-savin-zalec-glasbene-sole-koper-in-dijakov-umetniske-gimnazije-koper\/","title":{"rendered":"(Sloven\u0161\u010dina) Nastop u\u010dencev glasbene \u0161ole Risto Savin \u017dalec, Glasbene \u0161ole Koper in dijakov umetni\u0161ke gimnazije Koper"},"content":{"rendered":"<p class=\"qtranxs-available-languages-message qtranxs-available-languages-message-it\">Ci spiace, ma questo articolo \u00e8 disponibile soltanto in <a href=\"https:\/\/www.mediadom-piran.si\/sl\/wp-json\/wp\/v2\/posts\/1720\" class=\"qtranxs-available-language-link qtranxs-available-language-link-sl\" title=\"Sloven\u0161\u010dina\">Sloven\u0161\u010dina<\/a>.<\/p>","protected":false},"excerpt":{"rendered":"<p>Ci spiace, ma questo articolo \u00e8 disponibile soltanto in Sloven\u0161\u010dina.<\/p>\n","protected":false},"author":4,"featured_media":606,"comment_status":"open","ping_status":"open","sticky":false,"template":"","format":"standard","meta":{"_acf_changed":false,"footnotes":""},"categories":[32],"tags":[113,374,116,375],"class_list":["post-1720","post","type-post","status-publish","format-standard","has-post-thumbnail","hentry","category-events","tag-glasbena-sola-koper","tag-glasbena-sola-risto-savin-zalec","tag-nastop","tag-umetniska-gimnazija-koper"],"acf":[],"_links":{"self":[{"href":"https:\/\/www.mediadom-piran.si\/it\/wp-json\/wp\/v2\/posts\/1720","targetHints":{"allow":["GET"]}}],"collection":[{"href":"https:\/\/www.mediadom-piran.si\/it\/wp-json\/wp\/v2\/posts"}],"about":[{"href":"https:\/\/www.mediadom-piran.si\/it\/wp-json\/wp\/v2\/types\/post"}],"author":[{"embeddable":true,"href":"https:\/\/www.mediadom-piran.si\/it\/wp-json\/wp\/v2\/users\/4"}],"replies":[{"embeddable":true,"href":"https:\/\/www.mediadom-piran.si\/it\/wp-json\/wp\/v2\/comments?post=1720"}],"version-history":[{"count":3,"href":"https:\/\/www.mediadom-piran.si\/it\/wp-json\/wp\/v2\/posts\/1720\/revisions"}],"predecessor-version":[{"id":1799,"href":"https:\/\/www.mediadom-piran.si\/it\/wp-json\/wp\/v2\/posts\/1720\/revisions\/1799"}],"wp:featuredmedia":[{"embeddable":true,"href":"https:\/\/www.mediadom-piran.si\/it\/wp-json\/wp\/v2\/media\/606"}],"wp:attachment":[{"href":"https:\/\/www.mediadom-piran.si\/it\/wp-json\/wp\/v2\/media?parent=1720"}],"wp:term":[{"taxonomy":"category","embeddable":true,"href":"https:\/\/www.mediadom-piran.si\/it\/wp-json\/wp\/v2\/categories?post=1720"},{"taxonomy":"post_tag","embeddable":true,"href":"https:\/\/www.mediadom-piran.si\/it\/wp-json\/wp\/v2\/tags?post=1720"}],"curies":[{"name":"wp","href":"https:\/\/api.w.org\/{rel}","templated":true}]}}