{"id":1064,"date":"2017-05-08T14:02:34","date_gmt":"2017-05-08T14:02:34","guid":{"rendered":"http:\/\/www.mediadom-piran.si\/?p=1064"},"modified":"2017-05-17T09:04:38","modified_gmt":"2017-05-17T09:04:38","slug":"okrogla-miza-jarek-kriza-multikulturalizma-v-izkljucujocem-svetu","status":"publish","type":"post","link":"https:\/\/www.mediadom-piran.si\/it\/okrogla-miza-jarek-kriza-multikulturalizma-v-izkljucujocem-svetu\/","title":{"rendered":"Tavola rotonda: \u201cLa trincea: crisi del multiculturalismo in un  mondo tra et-et e aut-aut \u201c"},"content":{"rendered":"<p>Come parte del evento: &#8220;Un viaggio tra la musica di Tartini e le Saline di Pirano&#8221; presso il Mediadom Pyrhani ospiteremo una tavola rotonda dal titolo <em>&#8220;La trincea: crisi del multiculturalismo in un\u00a0 mondo tra et-et e aut-aut&#8221;.<\/em> L&#8217; evento avra&#8217; inizzio alle 10.00 nella sala del Mediadom.<em><br \/>\n<\/em><\/p>\n<p><strong>Introducono e moderano: Franco Juri (<\/strong>direttore del Museo del Mare di Pirano <strong>) e Marino Vocci<\/strong><\/p>\n<p><strong>Interventi introduttivi: Peter Bossman (<\/strong>sindaco di Pirano<strong>), Ulderico Bernardi <\/strong>(sociologo Treviso),<strong>\u00a0 Veit Heinchen <\/strong>(scrittore)<strong> , Pavel Fonda <\/strong>(psichiatra Trieste)<\/p>\n<p><strong>partecipano:<br \/>\n<\/strong>Edi Rabini (Fondazione Langer Bolzano ), Marko Kravos (presidente Gruppo\/Skupina 85), Paolo Gozzi (gi\u00e0 Funzionario Commissione Europea, Bruxelles ),\u00a0 Susanna Pertot\u00a0 (psicolinguista Trieste)\u00a0 Melita Richter (sociologa Trieste\/Zagabria ), Barbara Gruden (giornalista Roma), Mirt Komel (filosofo Lubiana) Mario Steff\u00e8 (presidente Comunit\u00e0 degli Italiani Capodistria) Breda Bi\u0161\u010dak (traduttrice, Scoffie-Capodistria)\u00a0, Michele Berti ((sindacalista C.S.IR. Alto Adriatico) Drago Kraljevic (sociologo Buje)<\/p>","protected":false},"excerpt":{"rendered":"<p>Come parte del evento: &#8220;Un viaggio tra la musica di Tartini e le Saline di Pirano&#8221; presso <a class=\"moretag\" href=\"https:\/\/www.mediadom-piran.si\/it\/novice\">Ve\u010d ><\/a><\/p>\n","protected":false},"author":4,"featured_media":0,"comment_status":"open","ping_status":"open","sticky":false,"template":"","format":"standard","meta":{"_acf_changed":false,"footnotes":""},"categories":[32],"tags":[227,230,232,222,216,234,218,229,223,5,3,225,231,228,213,224,221,217,4,215,214,233,226,219,220],"class_list":["post-1064","post","type-post","status-publish","format-standard","hentry","category-events","tag-barbara-gruden","tag-breda-biscak","tag-drago-kraljevic","tag-edi-rabini","tag-franco-juri","tag-jarek-kriza-multikulturalizma-v-izkljucujocem-svetu","tag-marino-vocci","tag-mario-steffe","tag-marko-kravos","tag-mediadom","tag-mediadom-pyrhani","tag-melita-richter","tag-michele-berti","tag-mirt-komel","tag-okrogla-miza","tag-paolo-gozzi","tag-pavel-fonda","tag-peter-bossman","tag-piran","tag-pomoroski-muzej-sergeja-masere-piran","tag-pomorski-muzej-piran","tag-potovanje-med-glasbo-tartinia-in-piranskimi-solinami","tag-susanna-pertot","tag-ulderico-bernardi","tag-veit-heinchen"],"acf":[],"_links":{"self":[{"href":"https:\/\/www.mediadom-piran.si\/it\/wp-json\/wp\/v2\/posts\/1064","targetHints":{"allow":["GET"]}}],"collection":[{"href":"https:\/\/www.mediadom-piran.si\/it\/wp-json\/wp\/v2\/posts"}],"about":[{"href":"https:\/\/www.mediadom-piran.si\/it\/wp-json\/wp\/v2\/types\/post"}],"author":[{"embeddable":true,"href":"https:\/\/www.mediadom-piran.si\/it\/wp-json\/wp\/v2\/users\/4"}],"replies":[{"embeddable":true,"href":"https:\/\/www.mediadom-piran.si\/it\/wp-json\/wp\/v2\/comments?post=1064"}],"version-history":[{"count":3,"href":"https:\/\/www.mediadom-piran.si\/it\/wp-json\/wp\/v2\/posts\/1064\/revisions"}],"predecessor-version":[{"id":1079,"href":"https:\/\/www.mediadom-piran.si\/it\/wp-json\/wp\/v2\/posts\/1064\/revisions\/1079"}],"wp:attachment":[{"href":"https:\/\/www.mediadom-piran.si\/it\/wp-json\/wp\/v2\/media?parent=1064"}],"wp:term":[{"taxonomy":"category","embeddable":true,"href":"https:\/\/www.mediadom-piran.si\/it\/wp-json\/wp\/v2\/categories?post=1064"},{"taxonomy":"post_tag","embeddable":true,"href":"https:\/\/www.mediadom-piran.si\/it\/wp-json\/wp\/v2\/tags?post=1064"}],"curies":[{"name":"wp","href":"https:\/\/api.w.org\/{rel}","templated":true}]}}