{"id":5846,"date":"2023-05-30T09:36:32","date_gmt":"2023-05-30T09:36:32","guid":{"rendered":"https:\/\/www.mediadom-piran.si\/?p=5846"},"modified":"2023-05-30T10:41:03","modified_gmt":"2023-05-30T10:41:03","slug":"mladi-val-festival-se-vraca-tudi-letos-plima-ustvarjalnosti-in-energije-ne-le-mladih-izvajalcev-in-udelezencev","status":"publish","type":"post","link":"https:\/\/www.mediadom-piran.si\/en\/mladi-val-festival-se-vraca-tudi-letos-plima-ustvarjalnosti-in-energije-ne-le-mladih-izvajalcev-in-udelezencev\/","title":{"rendered":"(Sloven\u0161\u010dina) Mladi val festival se vra\u010da tudi letos &#8211; plima ustvarjalnosti in energije ne le mladih izvajalcev in udele\u017eencev!"},"content":{"rendered":"<p class=\"qtranxs-available-languages-message qtranxs-available-languages-message-en\">Sorry, this entry is only available in <a href=\"https:\/\/www.mediadom-piran.si\/sl\/wp-json\/wp\/v2\/posts\/5846\" class=\"qtranxs-available-language-link qtranxs-available-language-link-sl\" title=\"Sloven\u0161\u010dina\">Sloven\u0161\u010dina<\/a>.<\/p>","protected":false},"excerpt":{"rendered":"<p>Sorry, this entry is only available in Sloven\u0161\u010dina.<\/p>\n","protected":false},"author":4,"featured_media":5862,"comment_status":"open","ping_status":"open","sticky":false,"template":"","format":"standard","meta":{"_acf_changed":false,"footnotes":""},"categories":[31],"tags":[1057,994,1053,1056,1066,106,502,1055,1054,451,1112,1062,1114,457,5,242,3,1060,437,1110,450,328,445,613,16,993,264,438,1015,1050,454,453,1111,1059,1064,1116,1113,648,1051,108,1115,263],"class_list":["post-5846","post","type-post","status-publish","format-standard","has-post-thumbnail","hentry","category-news","tag-associazione-dei-giovani-della-comunita-italiana","tag-avditorij-portoroz","tag-center-mladih-koper","tag-drustvo-mladih-italijanske-narodne-skupnosti","tag-generali","tag-jskd","tag-jure-lesar","tag-klub-izolskih-studentov-in-dijakov","tag-klub-studentov-obcine-koper","tag-klub-studentov-obcine-piran","tag-ks-lucija","tag-ksd-dolga-storija","tag-liquid-gasoline","tag-lucija","tag-mediadom","tag-mediadom-piran","tag-mediadom-pyrhani","tag-mladi-val","tag-mladi-val-festival","tag-mladi-val-festival-2023","tag-mladinski-epicenter-piran","tag-muzikobala","tag-muzofil","tag-neodvisni-obalni-radio","tag-obcina-piran","tag-oi-jskd-piran","tag-pandolo","tag-park-sonce-lucija","tag-radio-capris","tag-radio-koper","tag-rod-morskih-viharnikov-portoroz","tag-rod-sergeja-masere-piran","tag-skver","tag-swank","tag-tamkotzmeraj","tag-tedni-ljubiteljske-kulture-2023","tag-the-chillers","tag-twirling-in-mazoretni-klub-lucija","tag-vinakoper","tag-zkd-piran","tag-zvaza-kulturnih-drustev-piran","tag-zveza-drustev-igre-pandolo-slovenije"],"acf":[],"_links":{"self":[{"href":"https:\/\/www.mediadom-piran.si\/en\/wp-json\/wp\/v2\/posts\/5846","targetHints":{"allow":["GET"]}}],"collection":[{"href":"https:\/\/www.mediadom-piran.si\/en\/wp-json\/wp\/v2\/posts"}],"about":[{"href":"https:\/\/www.mediadom-piran.si\/en\/wp-json\/wp\/v2\/types\/post"}],"author":[{"embeddable":true,"href":"https:\/\/www.mediadom-piran.si\/en\/wp-json\/wp\/v2\/users\/4"}],"replies":[{"embeddable":true,"href":"https:\/\/www.mediadom-piran.si\/en\/wp-json\/wp\/v2\/comments?post=5846"}],"version-history":[{"count":5,"href":"https:\/\/www.mediadom-piran.si\/en\/wp-json\/wp\/v2\/posts\/5846\/revisions"}],"predecessor-version":[{"id":5867,"href":"https:\/\/www.mediadom-piran.si\/en\/wp-json\/wp\/v2\/posts\/5846\/revisions\/5867"}],"wp:featuredmedia":[{"embeddable":true,"href":"https:\/\/www.mediadom-piran.si\/en\/wp-json\/wp\/v2\/media\/5862"}],"wp:attachment":[{"href":"https:\/\/www.mediadom-piran.si\/en\/wp-json\/wp\/v2\/media?parent=5846"}],"wp:term":[{"taxonomy":"category","embeddable":true,"href":"https:\/\/www.mediadom-piran.si\/en\/wp-json\/wp\/v2\/categories?post=5846"},{"taxonomy":"post_tag","embeddable":true,"href":"https:\/\/www.mediadom-piran.si\/en\/wp-json\/wp\/v2\/tags?post=5846"}],"curies":[{"name":"wp","href":"https:\/\/api.w.org\/{rel}","templated":true}]}}