{"id":1363,"date":"2017-08-18T10:43:38","date_gmt":"2017-08-18T10:43:38","guid":{"rendered":"http:\/\/www.mediadom-piran.si\/?p=1363"},"modified":"2017-08-20T16:45:16","modified_gmt":"2017-08-20T16:45:16","slug":"5-slovenski-festival-kamisibaj-gledalisca-nocni-program","status":"publish","type":"post","link":"https:\/\/www.mediadom-piran.si\/en\/5-slovenski-festival-kamisibaj-gledalisca-nocni-program\/","title":{"rendered":"(Sloven\u0161\u010dina) 5. Slovenski Festival Kami\u0161ibaj Gledali\u0161\u010da &#8211; No\u010dni program"},"content":{"rendered":"<p class=\"qtranxs-available-languages-message qtranxs-available-languages-message-en\">Sorry, this entry is only available in <a href=\"https:\/\/www.mediadom-piran.si\/sl\/wp-json\/wp\/v2\/posts\/1363\" class=\"qtranxs-available-language-link qtranxs-available-language-link-sl\" title=\"Sloven\u0161\u010dina\">Sloven\u0161\u010dina<\/a> and <a href=\"https:\/\/www.mediadom-piran.si\/it\/wp-json\/wp\/v2\/posts\/1363\" class=\"qtranxs-available-language-link qtranxs-available-language-link-it\" title=\"Italiano\">Italiano<\/a>.<\/p>","protected":false},"excerpt":{"rendered":"<p>Sorry, this entry is only available in Sloven\u0161\u010dina and Italiano.<\/p>\n","protected":false},"author":4,"featured_media":1364,"comment_status":"open","ping_status":"open","sticky":false,"template":"","format":"standard","meta":{"_acf_changed":false,"footnotes":""},"categories":[32],"tags":[286,301,291,302,305,294,298,285,292,297,5,3,303,293,304,287,288,4,300,299,289,290,295,296,306],"class_list":["post-1363","post","type-post","status-publish","format-standard","has-post-thumbnail","hentry","category-events","tag-5-slovenski-festival-kamisibaj-gledalisca","tag-barbara-lotric","tag-daj-pomisli","tag-drustvo-zapik","tag-igor-likar","tag-jelena-sitar","tag-jure-engelsberger","tag-kamisibaj","tag-kresna-noc","tag-marusa-lazicki","tag-mediadom","tag-mediadom-pyrhani","tag-mojca-jan-zoran","tag-nadja-dodlek","tag-nagisa-moritoki-skof","tag-nocni-program","tag-padajoce-babice-in-modri-zvezek-st-2","tag-piran","tag-rok-glavan","tag-tatjana-grabrijan","tag-tehtanje-dus","tag-teke-teke","tag-vesna-marion","tag-vid-sever","tag-zapik"],"acf":[],"_links":{"self":[{"href":"https:\/\/www.mediadom-piran.si\/en\/wp-json\/wp\/v2\/posts\/1363","targetHints":{"allow":["GET"]}}],"collection":[{"href":"https:\/\/www.mediadom-piran.si\/en\/wp-json\/wp\/v2\/posts"}],"about":[{"href":"https:\/\/www.mediadom-piran.si\/en\/wp-json\/wp\/v2\/types\/post"}],"author":[{"embeddable":true,"href":"https:\/\/www.mediadom-piran.si\/en\/wp-json\/wp\/v2\/users\/4"}],"replies":[{"embeddable":true,"href":"https:\/\/www.mediadom-piran.si\/en\/wp-json\/wp\/v2\/comments?post=1363"}],"version-history":[{"count":2,"href":"https:\/\/www.mediadom-piran.si\/en\/wp-json\/wp\/v2\/posts\/1363\/revisions"}],"predecessor-version":[{"id":1371,"href":"https:\/\/www.mediadom-piran.si\/en\/wp-json\/wp\/v2\/posts\/1363\/revisions\/1371"}],"wp:featuredmedia":[{"embeddable":true,"href":"https:\/\/www.mediadom-piran.si\/en\/wp-json\/wp\/v2\/media\/1364"}],"wp:attachment":[{"href":"https:\/\/www.mediadom-piran.si\/en\/wp-json\/wp\/v2\/media?parent=1363"}],"wp:term":[{"taxonomy":"category","embeddable":true,"href":"https:\/\/www.mediadom-piran.si\/en\/wp-json\/wp\/v2\/categories?post=1363"},{"taxonomy":"post_tag","embeddable":true,"href":"https:\/\/www.mediadom-piran.si\/en\/wp-json\/wp\/v2\/tags?post=1363"}],"curies":[{"name":"wp","href":"https:\/\/api.w.org\/{rel}","templated":true}]}}